{"id":882,"date":"2023-03-04T16:14:56","date_gmt":"2023-03-04T15:14:56","guid":{"rendered":"https:\/\/foyer-rural-cessenon-sur-orb.com\/?p=882"},"modified":"2023-03-04T16:14:56","modified_gmt":"2023-03-04T15:14:56","slug":"un-projet-qui-avance-bien-a-latelier-bd","status":"publish","type":"post","link":"https:\/\/foyer-rural-cessenon-sur-orb.com\/index.php\/2023\/03\/04\/un-projet-qui-avance-bien-a-latelier-bd\/","title":{"rendered":"Un projet qui avance bien \u00e0 l\u2019Atelier BD"},"content":{"rendered":"<p>Depuis septembre, dans une ambiance enjou\u00e9e et studieuse, le projet d&rsquo;album BD suit son cours tous les mercredis de 14h \u00e0 16h dans la salle Occitanie.<\/p>\n<p>Le storyboard continue et nous emm\u00e8ne d\u2019un Paris de 1887 \u00e0 Port de France en Nouvelle Cal\u00e9donie en 1984,\u00a0 dans une histoire passionnante !<\/p>\n<p>Les pages s\u2019esquissent puis se finalisent \u00e0 l\u2019encre et ombres au crayon.<br \/>Zo\u00e9 a fini la premi\u00e8re page de l\u2019orphelinat, Liam et Logan ont commenc\u00e9 \u00e0 encrer leurs planches pendant que Matisse, le dialoguiste, s\u2019exerce \u00e0 dessiner des maisons ; tandis que Marc, l\u2019autre adulte avec JC, travaille depuis la Martinique avant de rejoindre l&rsquo;atelier en mars pour la derni\u00e8re ligne droite.<\/p>\n<p>Il est encore temps pour ceux qui le souhaitent de rejoindre l&rsquo;aventure.<br \/>En tous cas, on a h\u00e2te de d\u00e9couvrir l&rsquo;album termin\u00e9 !<\/p>\n<div id='gallery-1' class='gallery galleryid-882 gallery-columns-3 gallery-size-medium'><figure class='gallery-item'>\n\t\t\t<div class='gallery-icon portrait'>\n\t\t\t\t<a href='https:\/\/foyer-rural-cessenon-sur-orb.com\/index.php\/2023\/03\/04\/un-projet-qui-avance-bien-a-latelier-bd\/image2\/'><img loading=\"lazy\" decoding=\"async\" width=\"225\" height=\"300\" src=\"https:\/\/foyer-rural-cessenon-sur-orb.com\/wp-content\/uploads\/2023\/03\/image2-225x300.jpeg\" class=\"attachment-medium size-medium\" alt=\"\" srcset=\"https:\/\/foyer-rural-cessenon-sur-orb.com\/wp-content\/uploads\/2023\/03\/image2-225x300.jpeg 225w, https:\/\/foyer-rural-cessenon-sur-orb.com\/wp-content\/uploads\/2023\/03\/image2-768x1024.jpeg 768w, https:\/\/foyer-rural-cessenon-sur-orb.com\/wp-content\/uploads\/2023\/03\/image2-1152x1536.jpeg 1152w, https:\/\/foyer-rural-cessenon-sur-orb.com\/wp-content\/uploads\/2023\/03\/image2-1536x2048.jpeg 1536w, https:\/\/foyer-rural-cessenon-sur-orb.com\/wp-content\/uploads\/2023\/03\/image2-scaled.jpeg 1920w\" sizes=\"auto, (max-width: 225px) 100vw, 225px\" \/><\/a>\n\t\t\t<\/div><\/figure><figure class='gallery-item'>\n\t\t\t<div class='gallery-icon portrait'>\n\t\t\t\t<a href='https:\/\/foyer-rural-cessenon-sur-orb.com\/index.php\/2023\/03\/04\/un-projet-qui-avance-bien-a-latelier-bd\/image8\/'><img loading=\"lazy\" decoding=\"async\" width=\"225\" height=\"300\" src=\"https:\/\/foyer-rural-cessenon-sur-orb.com\/wp-content\/uploads\/2023\/03\/image8-225x300.jpeg\" class=\"attachment-medium size-medium\" alt=\"\" srcset=\"https:\/\/foyer-rural-cessenon-sur-orb.com\/wp-content\/uploads\/2023\/03\/image8-225x300.jpeg 225w, https:\/\/foyer-rural-cessenon-sur-orb.com\/wp-content\/uploads\/2023\/03\/image8-768x1024.jpeg 768w, https:\/\/foyer-rural-cessenon-sur-orb.com\/wp-content\/uploads\/2023\/03\/image8-1152x1536.jpeg 1152w, https:\/\/foyer-rural-cessenon-sur-orb.com\/wp-content\/uploads\/2023\/03\/image8-1536x2048.jpeg 1536w, https:\/\/foyer-rural-cessenon-sur-orb.com\/wp-content\/uploads\/2023\/03\/image8-scaled.jpeg 1920w\" sizes=\"auto, (max-width: 225px) 100vw, 225px\" \/><\/a>\n\t\t\t<\/div><\/figure>\n\t\t<\/div>\n\n","protected":false},"excerpt":{"rendered":"<div class=\"mh-excerpt\"><p>Depuis septembre, dans une ambiance enjou\u00e9e et studieuse, le projet d&rsquo;album BD suit son cours tous les mercredis de 14h \u00e0 16h dans la salle <a class=\"mh-excerpt-more\" href=\"https:\/\/foyer-rural-cessenon-sur-orb.com\/index.php\/2023\/03\/04\/un-projet-qui-avance-bien-a-latelier-bd\/\" title=\"Un projet qui avance bien \u00e0 l\u2019Atelier BD\">[&#8230;]<\/a><\/p>\n<\/div>","protected":false},"author":2,"featured_media":883,"comment_status":"open","ping_status":"open","sticky":false,"template":"","format":"standard","meta":{"footnotes":""},"categories":[1],"tags":[],"class_list":["post-882","post","type-post","status-publish","format-standard","has-post-thumbnail","hentry","category-non-classe"],"yoast_head":"<!-- This site is optimized with the Yoast SEO plugin v27.5 - https:\/\/yoast.com\/product\/yoast-seo-wordpress\/ -->\n<title>Un projet qui avance bien \u00e0 l\u2019Atelier BD - Foyer rural de Cessenon-sur-Orb<\/title>\n<meta name=\"robots\" content=\"index, follow, max-snippet:-1, max-image-preview:large, max-video-preview:-1\" \/>\n<link rel=\"canonical\" href=\"https:\/\/foyer-rural-cessenon-sur-orb.com\/index.php\/2023\/03\/04\/un-projet-qui-avance-bien-a-latelier-bd\/\" \/>\n<meta property=\"og:locale\" content=\"fr_FR\" \/>\n<meta property=\"og:type\" content=\"article\" \/>\n<meta property=\"og:title\" content=\"Un projet qui avance bien \u00e0 l\u2019Atelier BD - Foyer rural de Cessenon-sur-Orb\" \/>\n<meta property=\"og:description\" content=\"Depuis septembre, dans une ambiance enjou\u00e9e et studieuse, le projet d&rsquo;album BD suit son cours tous les mercredis de 14h \u00e0 16h dans la salle [...]\" \/>\n<meta property=\"og:url\" content=\"https:\/\/foyer-rural-cessenon-sur-orb.com\/index.php\/2023\/03\/04\/un-projet-qui-avance-bien-a-latelier-bd\/\" \/>\n<meta property=\"og:site_name\" content=\"Foyer rural de Cessenon-sur-Orb\" \/>\n<meta property=\"article:publisher\" content=\"https:\/\/www.facebook.com\/groups\/1696123983887036\" \/>\n<meta property=\"article:published_time\" content=\"2023-03-04T15:14:56+00:00\" \/>\n<meta property=\"og:image\" content=\"https:\/\/foyer-rural-cessenon-sur-orb.com\/wp-content\/uploads\/2023\/03\/image1-scaled.jpeg\" \/>\n\t<meta property=\"og:image:width\" content=\"1920\" \/>\n\t<meta property=\"og:image:height\" content=\"2560\" \/>\n\t<meta property=\"og:image:type\" content=\"image\/jpeg\" \/>\n<meta name=\"author\" content=\"Fanny\" \/>\n<meta name=\"twitter:card\" content=\"summary_large_image\" \/>\n<meta name=\"twitter:label1\" content=\"\u00c9crit par\" \/>\n\t<meta name=\"twitter:data1\" content=\"Fanny\" \/>\n\t<meta name=\"twitter:label2\" content=\"Dur\u00e9e de lecture estim\u00e9e\" \/>\n\t<meta name=\"twitter:data2\" content=\"1 minute\" \/>\n<script type=\"application\/ld+json\" class=\"yoast-schema-graph\">{\"@context\":\"https:\\\/\\\/schema.org\",\"@graph\":[{\"@type\":\"Article\",\"@id\":\"https:\\\/\\\/foyer-rural-cessenon-sur-orb.com\\\/index.php\\\/2023\\\/03\\\/04\\\/un-projet-qui-avance-bien-a-latelier-bd\\\/#article\",\"isPartOf\":{\"@id\":\"https:\\\/\\\/foyer-rural-cessenon-sur-orb.com\\\/index.php\\\/2023\\\/03\\\/04\\\/un-projet-qui-avance-bien-a-latelier-bd\\\/\"},\"author\":{\"name\":\"Fanny\",\"@id\":\"https:\\\/\\\/foyer-rural-cessenon-sur-orb.com\\\/#\\\/schema\\\/person\\\/ae45c47b6ad339bab7ba9bd75da5ed61\"},\"headline\":\"Un projet qui avance bien \u00e0 l\u2019Atelier BD\",\"datePublished\":\"2023-03-04T15:14:56+00:00\",\"mainEntityOfPage\":{\"@id\":\"https:\\\/\\\/foyer-rural-cessenon-sur-orb.com\\\/index.php\\\/2023\\\/03\\\/04\\\/un-projet-qui-avance-bien-a-latelier-bd\\\/\"},\"wordCount\":154,\"commentCount\":0,\"publisher\":{\"@id\":\"https:\\\/\\\/foyer-rural-cessenon-sur-orb.com\\\/#organization\"},\"image\":{\"@id\":\"https:\\\/\\\/foyer-rural-cessenon-sur-orb.com\\\/index.php\\\/2023\\\/03\\\/04\\\/un-projet-qui-avance-bien-a-latelier-bd\\\/#primaryimage\"},\"thumbnailUrl\":\"https:\\\/\\\/foyer-rural-cessenon-sur-orb.com\\\/wp-content\\\/uploads\\\/2023\\\/03\\\/image1-scaled.jpeg\",\"inLanguage\":\"fr-FR\",\"potentialAction\":[{\"@type\":\"CommentAction\",\"name\":\"Comment\",\"target\":[\"https:\\\/\\\/foyer-rural-cessenon-sur-orb.com\\\/index.php\\\/2023\\\/03\\\/04\\\/un-projet-qui-avance-bien-a-latelier-bd\\\/#respond\"]}]},{\"@type\":\"WebPage\",\"@id\":\"https:\\\/\\\/foyer-rural-cessenon-sur-orb.com\\\/index.php\\\/2023\\\/03\\\/04\\\/un-projet-qui-avance-bien-a-latelier-bd\\\/\",\"url\":\"https:\\\/\\\/foyer-rural-cessenon-sur-orb.com\\\/index.php\\\/2023\\\/03\\\/04\\\/un-projet-qui-avance-bien-a-latelier-bd\\\/\",\"name\":\"Un projet qui avance bien \u00e0 l\u2019Atelier BD - Foyer rural de Cessenon-sur-Orb\",\"isPartOf\":{\"@id\":\"https:\\\/\\\/foyer-rural-cessenon-sur-orb.com\\\/#website\"},\"primaryImageOfPage\":{\"@id\":\"https:\\\/\\\/foyer-rural-cessenon-sur-orb.com\\\/index.php\\\/2023\\\/03\\\/04\\\/un-projet-qui-avance-bien-a-latelier-bd\\\/#primaryimage\"},\"image\":{\"@id\":\"https:\\\/\\\/foyer-rural-cessenon-sur-orb.com\\\/index.php\\\/2023\\\/03\\\/04\\\/un-projet-qui-avance-bien-a-latelier-bd\\\/#primaryimage\"},\"thumbnailUrl\":\"https:\\\/\\\/foyer-rural-cessenon-sur-orb.com\\\/wp-content\\\/uploads\\\/2023\\\/03\\\/image1-scaled.jpeg\",\"datePublished\":\"2023-03-04T15:14:56+00:00\",\"breadcrumb\":{\"@id\":\"https:\\\/\\\/foyer-rural-cessenon-sur-orb.com\\\/index.php\\\/2023\\\/03\\\/04\\\/un-projet-qui-avance-bien-a-latelier-bd\\\/#breadcrumb\"},\"inLanguage\":\"fr-FR\",\"potentialAction\":[{\"@type\":\"ReadAction\",\"target\":[\"https:\\\/\\\/foyer-rural-cessenon-sur-orb.com\\\/index.php\\\/2023\\\/03\\\/04\\\/un-projet-qui-avance-bien-a-latelier-bd\\\/\"]}]},{\"@type\":\"ImageObject\",\"inLanguage\":\"fr-FR\",\"@id\":\"https:\\\/\\\/foyer-rural-cessenon-sur-orb.com\\\/index.php\\\/2023\\\/03\\\/04\\\/un-projet-qui-avance-bien-a-latelier-bd\\\/#primaryimage\",\"url\":\"https:\\\/\\\/foyer-rural-cessenon-sur-orb.com\\\/wp-content\\\/uploads\\\/2023\\\/03\\\/image1-scaled.jpeg\",\"contentUrl\":\"https:\\\/\\\/foyer-rural-cessenon-sur-orb.com\\\/wp-content\\\/uploads\\\/2023\\\/03\\\/image1-scaled.jpeg\",\"width\":1920,\"height\":2560},{\"@type\":\"BreadcrumbList\",\"@id\":\"https:\\\/\\\/foyer-rural-cessenon-sur-orb.com\\\/index.php\\\/2023\\\/03\\\/04\\\/un-projet-qui-avance-bien-a-latelier-bd\\\/#breadcrumb\",\"itemListElement\":[{\"@type\":\"ListItem\",\"position\":1,\"name\":\"Accueil\",\"item\":\"https:\\\/\\\/foyer-rural-cessenon-sur-orb.com\\\/\"},{\"@type\":\"ListItem\",\"position\":2,\"name\":\"Un projet qui avance bien \u00e0 l\u2019Atelier BD\"}]},{\"@type\":\"WebSite\",\"@id\":\"https:\\\/\\\/foyer-rural-cessenon-sur-orb.com\\\/#website\",\"url\":\"https:\\\/\\\/foyer-rural-cessenon-sur-orb.com\\\/\",\"name\":\"Foyer rural de Cessenon-sur-Orb\",\"description\":\"Des activit\u00e9s culturelles et sportives pour enfants et adultes\",\"publisher\":{\"@id\":\"https:\\\/\\\/foyer-rural-cessenon-sur-orb.com\\\/#organization\"},\"potentialAction\":[{\"@type\":\"SearchAction\",\"target\":{\"@type\":\"EntryPoint\",\"urlTemplate\":\"https:\\\/\\\/foyer-rural-cessenon-sur-orb.com\\\/?s={search_term_string}\"},\"query-input\":{\"@type\":\"PropertyValueSpecification\",\"valueRequired\":true,\"valueName\":\"search_term_string\"}}],\"inLanguage\":\"fr-FR\"},{\"@type\":\"Organization\",\"@id\":\"https:\\\/\\\/foyer-rural-cessenon-sur-orb.com\\\/#organization\",\"name\":\"Foyer Rural de Cessenon sur Orb\",\"url\":\"https:\\\/\\\/foyer-rural-cessenon-sur-orb.com\\\/\",\"logo\":{\"@type\":\"ImageObject\",\"inLanguage\":\"fr-FR\",\"@id\":\"https:\\\/\\\/foyer-rural-cessenon-sur-orb.com\\\/#\\\/schema\\\/logo\\\/image\\\/\",\"url\":\"http:\\\/\\\/foyer-rural-cessenon-sur-orb.com\\\/wp-content\\\/uploads\\\/2021\\\/11\\\/234853963_10226775273545354_1373390309901946513_n-e1639922054691.jpg\",\"contentUrl\":\"http:\\\/\\\/foyer-rural-cessenon-sur-orb.com\\\/wp-content\\\/uploads\\\/2021\\\/11\\\/234853963_10226775273545354_1373390309901946513_n-e1639922054691.jpg\",\"width\":822,\"height\":675,\"caption\":\"Foyer Rural de Cessenon sur Orb\"},\"image\":{\"@id\":\"https:\\\/\\\/foyer-rural-cessenon-sur-orb.com\\\/#\\\/schema\\\/logo\\\/image\\\/\"},\"sameAs\":[\"https:\\\/\\\/www.facebook.com\\\/groups\\\/1696123983887036\"]},{\"@type\":\"Person\",\"@id\":\"https:\\\/\\\/foyer-rural-cessenon-sur-orb.com\\\/#\\\/schema\\\/person\\\/ae45c47b6ad339bab7ba9bd75da5ed61\",\"name\":\"Fanny\",\"image\":{\"@type\":\"ImageObject\",\"inLanguage\":\"fr-FR\",\"@id\":\"https:\\\/\\\/secure.gravatar.com\\\/avatar\\\/7ea62597e4e4db6c1d502872a69feb4282332e5f3e77cb02b71b6b74ea2ddd22?s=96&d=mm&r=g\",\"url\":\"https:\\\/\\\/secure.gravatar.com\\\/avatar\\\/7ea62597e4e4db6c1d502872a69feb4282332e5f3e77cb02b71b6b74ea2ddd22?s=96&d=mm&r=g\",\"contentUrl\":\"https:\\\/\\\/secure.gravatar.com\\\/avatar\\\/7ea62597e4e4db6c1d502872a69feb4282332e5f3e77cb02b71b6b74ea2ddd22?s=96&d=mm&r=g\",\"caption\":\"Fanny\"},\"url\":\"https:\\\/\\\/foyer-rural-cessenon-sur-orb.com\\\/index.php\\\/author\\\/fanny\\\/\"}]}<\/script>\n<!-- \/ Yoast SEO plugin. -->","yoast_head_json":{"title":"Un projet qui avance bien \u00e0 l\u2019Atelier BD - Foyer rural de Cessenon-sur-Orb","robots":{"index":"index","follow":"follow","max-snippet":"max-snippet:-1","max-image-preview":"max-image-preview:large","max-video-preview":"max-video-preview:-1"},"canonical":"https:\/\/foyer-rural-cessenon-sur-orb.com\/index.php\/2023\/03\/04\/un-projet-qui-avance-bien-a-latelier-bd\/","og_locale":"fr_FR","og_type":"article","og_title":"Un projet qui avance bien \u00e0 l\u2019Atelier BD - Foyer rural de Cessenon-sur-Orb","og_description":"Depuis septembre, dans une ambiance enjou\u00e9e et studieuse, le projet d&rsquo;album BD suit son cours tous les mercredis de 14h \u00e0 16h dans la salle [...]","og_url":"https:\/\/foyer-rural-cessenon-sur-orb.com\/index.php\/2023\/03\/04\/un-projet-qui-avance-bien-a-latelier-bd\/","og_site_name":"Foyer rural de Cessenon-sur-Orb","article_publisher":"https:\/\/www.facebook.com\/groups\/1696123983887036","article_published_time":"2023-03-04T15:14:56+00:00","og_image":[{"width":1920,"height":2560,"url":"https:\/\/foyer-rural-cessenon-sur-orb.com\/wp-content\/uploads\/2023\/03\/image1-scaled.jpeg","type":"image\/jpeg"}],"author":"Fanny","twitter_card":"summary_large_image","twitter_misc":{"\u00c9crit par":"Fanny","Dur\u00e9e de lecture estim\u00e9e":"1 minute"},"schema":{"@context":"https:\/\/schema.org","@graph":[{"@type":"Article","@id":"https:\/\/foyer-rural-cessenon-sur-orb.com\/index.php\/2023\/03\/04\/un-projet-qui-avance-bien-a-latelier-bd\/#article","isPartOf":{"@id":"https:\/\/foyer-rural-cessenon-sur-orb.com\/index.php\/2023\/03\/04\/un-projet-qui-avance-bien-a-latelier-bd\/"},"author":{"name":"Fanny","@id":"https:\/\/foyer-rural-cessenon-sur-orb.com\/#\/schema\/person\/ae45c47b6ad339bab7ba9bd75da5ed61"},"headline":"Un projet qui avance bien \u00e0 l\u2019Atelier BD","datePublished":"2023-03-04T15:14:56+00:00","mainEntityOfPage":{"@id":"https:\/\/foyer-rural-cessenon-sur-orb.com\/index.php\/2023\/03\/04\/un-projet-qui-avance-bien-a-latelier-bd\/"},"wordCount":154,"commentCount":0,"publisher":{"@id":"https:\/\/foyer-rural-cessenon-sur-orb.com\/#organization"},"image":{"@id":"https:\/\/foyer-rural-cessenon-sur-orb.com\/index.php\/2023\/03\/04\/un-projet-qui-avance-bien-a-latelier-bd\/#primaryimage"},"thumbnailUrl":"https:\/\/foyer-rural-cessenon-sur-orb.com\/wp-content\/uploads\/2023\/03\/image1-scaled.jpeg","inLanguage":"fr-FR","potentialAction":[{"@type":"CommentAction","name":"Comment","target":["https:\/\/foyer-rural-cessenon-sur-orb.com\/index.php\/2023\/03\/04\/un-projet-qui-avance-bien-a-latelier-bd\/#respond"]}]},{"@type":"WebPage","@id":"https:\/\/foyer-rural-cessenon-sur-orb.com\/index.php\/2023\/03\/04\/un-projet-qui-avance-bien-a-latelier-bd\/","url":"https:\/\/foyer-rural-cessenon-sur-orb.com\/index.php\/2023\/03\/04\/un-projet-qui-avance-bien-a-latelier-bd\/","name":"Un projet qui avance bien \u00e0 l\u2019Atelier BD - Foyer rural de Cessenon-sur-Orb","isPartOf":{"@id":"https:\/\/foyer-rural-cessenon-sur-orb.com\/#website"},"primaryImageOfPage":{"@id":"https:\/\/foyer-rural-cessenon-sur-orb.com\/index.php\/2023\/03\/04\/un-projet-qui-avance-bien-a-latelier-bd\/#primaryimage"},"image":{"@id":"https:\/\/foyer-rural-cessenon-sur-orb.com\/index.php\/2023\/03\/04\/un-projet-qui-avance-bien-a-latelier-bd\/#primaryimage"},"thumbnailUrl":"https:\/\/foyer-rural-cessenon-sur-orb.com\/wp-content\/uploads\/2023\/03\/image1-scaled.jpeg","datePublished":"2023-03-04T15:14:56+00:00","breadcrumb":{"@id":"https:\/\/foyer-rural-cessenon-sur-orb.com\/index.php\/2023\/03\/04\/un-projet-qui-avance-bien-a-latelier-bd\/#breadcrumb"},"inLanguage":"fr-FR","potentialAction":[{"@type":"ReadAction","target":["https:\/\/foyer-rural-cessenon-sur-orb.com\/index.php\/2023\/03\/04\/un-projet-qui-avance-bien-a-latelier-bd\/"]}]},{"@type":"ImageObject","inLanguage":"fr-FR","@id":"https:\/\/foyer-rural-cessenon-sur-orb.com\/index.php\/2023\/03\/04\/un-projet-qui-avance-bien-a-latelier-bd\/#primaryimage","url":"https:\/\/foyer-rural-cessenon-sur-orb.com\/wp-content\/uploads\/2023\/03\/image1-scaled.jpeg","contentUrl":"https:\/\/foyer-rural-cessenon-sur-orb.com\/wp-content\/uploads\/2023\/03\/image1-scaled.jpeg","width":1920,"height":2560},{"@type":"BreadcrumbList","@id":"https:\/\/foyer-rural-cessenon-sur-orb.com\/index.php\/2023\/03\/04\/un-projet-qui-avance-bien-a-latelier-bd\/#breadcrumb","itemListElement":[{"@type":"ListItem","position":1,"name":"Accueil","item":"https:\/\/foyer-rural-cessenon-sur-orb.com\/"},{"@type":"ListItem","position":2,"name":"Un projet qui avance bien \u00e0 l\u2019Atelier BD"}]},{"@type":"WebSite","@id":"https:\/\/foyer-rural-cessenon-sur-orb.com\/#website","url":"https:\/\/foyer-rural-cessenon-sur-orb.com\/","name":"Foyer rural de Cessenon-sur-Orb","description":"Des activit\u00e9s culturelles et sportives pour enfants et adultes","publisher":{"@id":"https:\/\/foyer-rural-cessenon-sur-orb.com\/#organization"},"potentialAction":[{"@type":"SearchAction","target":{"@type":"EntryPoint","urlTemplate":"https:\/\/foyer-rural-cessenon-sur-orb.com\/?s={search_term_string}"},"query-input":{"@type":"PropertyValueSpecification","valueRequired":true,"valueName":"search_term_string"}}],"inLanguage":"fr-FR"},{"@type":"Organization","@id":"https:\/\/foyer-rural-cessenon-sur-orb.com\/#organization","name":"Foyer Rural de Cessenon sur Orb","url":"https:\/\/foyer-rural-cessenon-sur-orb.com\/","logo":{"@type":"ImageObject","inLanguage":"fr-FR","@id":"https:\/\/foyer-rural-cessenon-sur-orb.com\/#\/schema\/logo\/image\/","url":"http:\/\/foyer-rural-cessenon-sur-orb.com\/wp-content\/uploads\/2021\/11\/234853963_10226775273545354_1373390309901946513_n-e1639922054691.jpg","contentUrl":"http:\/\/foyer-rural-cessenon-sur-orb.com\/wp-content\/uploads\/2021\/11\/234853963_10226775273545354_1373390309901946513_n-e1639922054691.jpg","width":822,"height":675,"caption":"Foyer Rural de Cessenon sur Orb"},"image":{"@id":"https:\/\/foyer-rural-cessenon-sur-orb.com\/#\/schema\/logo\/image\/"},"sameAs":["https:\/\/www.facebook.com\/groups\/1696123983887036"]},{"@type":"Person","@id":"https:\/\/foyer-rural-cessenon-sur-orb.com\/#\/schema\/person\/ae45c47b6ad339bab7ba9bd75da5ed61","name":"Fanny","image":{"@type":"ImageObject","inLanguage":"fr-FR","@id":"https:\/\/secure.gravatar.com\/avatar\/7ea62597e4e4db6c1d502872a69feb4282332e5f3e77cb02b71b6b74ea2ddd22?s=96&d=mm&r=g","url":"https:\/\/secure.gravatar.com\/avatar\/7ea62597e4e4db6c1d502872a69feb4282332e5f3e77cb02b71b6b74ea2ddd22?s=96&d=mm&r=g","contentUrl":"https:\/\/secure.gravatar.com\/avatar\/7ea62597e4e4db6c1d502872a69feb4282332e5f3e77cb02b71b6b74ea2ddd22?s=96&d=mm&r=g","caption":"Fanny"},"url":"https:\/\/foyer-rural-cessenon-sur-orb.com\/index.php\/author\/fanny\/"}]}},"_links":{"self":[{"href":"https:\/\/foyer-rural-cessenon-sur-orb.com\/index.php\/wp-json\/wp\/v2\/posts\/882","targetHints":{"allow":["GET"]}}],"collection":[{"href":"https:\/\/foyer-rural-cessenon-sur-orb.com\/index.php\/wp-json\/wp\/v2\/posts"}],"about":[{"href":"https:\/\/foyer-rural-cessenon-sur-orb.com\/index.php\/wp-json\/wp\/v2\/types\/post"}],"author":[{"embeddable":true,"href":"https:\/\/foyer-rural-cessenon-sur-orb.com\/index.php\/wp-json\/wp\/v2\/users\/2"}],"replies":[{"embeddable":true,"href":"https:\/\/foyer-rural-cessenon-sur-orb.com\/index.php\/wp-json\/wp\/v2\/comments?post=882"}],"version-history":[{"count":2,"href":"https:\/\/foyer-rural-cessenon-sur-orb.com\/index.php\/wp-json\/wp\/v2\/posts\/882\/revisions"}],"predecessor-version":[{"id":892,"href":"https:\/\/foyer-rural-cessenon-sur-orb.com\/index.php\/wp-json\/wp\/v2\/posts\/882\/revisions\/892"}],"wp:featuredmedia":[{"embeddable":true,"href":"https:\/\/foyer-rural-cessenon-sur-orb.com\/index.php\/wp-json\/wp\/v2\/media\/883"}],"wp:attachment":[{"href":"https:\/\/foyer-rural-cessenon-sur-orb.com\/index.php\/wp-json\/wp\/v2\/media?parent=882"}],"wp:term":[{"taxonomy":"category","embeddable":true,"href":"https:\/\/foyer-rural-cessenon-sur-orb.com\/index.php\/wp-json\/wp\/v2\/categories?post=882"},{"taxonomy":"post_tag","embeddable":true,"href":"https:\/\/foyer-rural-cessenon-sur-orb.com\/index.php\/wp-json\/wp\/v2\/tags?post=882"}],"curies":[{"name":"wp","href":"https:\/\/api.w.org\/{rel}","templated":true}]}}