{"id":566,"date":"2022-06-12T20:18:10","date_gmt":"2022-06-12T18:18:10","guid":{"rendered":"https:\/\/foyer-rural-cessenon-sur-orb.com\/?p=566"},"modified":"2022-06-12T20:18:10","modified_gmt":"2022-06-12T18:18:10","slug":"retour-sur-le-festenal-1ere-edition","status":"publish","type":"post","link":"https:\/\/foyer-rural-cessenon-sur-orb.com\/index.php\/2022\/06\/12\/retour-sur-le-festenal-1ere-edition\/","title":{"rendered":"Retour sur le Festenal &#8211; 1\u00e8re \u00e9dition"},"content":{"rendered":"<p>Du 3 au 5 juin Cessenon sur Orb a pass\u00e9 un week-end en f\u00eate mettant la culture occitane \u00e0 l&rsquo;honneur avec la premi\u00e8re \u00e9dition de son Festenal.<\/p>\n<p>3 jours d&rsquo;animations de rue, culturelles et musicales, interg\u00e9n\u00e9rationnelles aussi, de l&rsquo;artisanat et des produits locaux mis \u00e0 l&rsquo;honneur par le Foyer Rural, des estanquets tenus par les associations du village et la premi\u00e8re apparition de l&rsquo;animal totem de Cessenon sur Orb : l&rsquo;Abeille accueillie par les honneurs des animaux tot\u00e9miques des villages alentours venus f\u00eater son bapt\u00eame r\u00e9publicain avec les apiculteurs cessenonnais.<\/p>\n<p>Tout un village en effervescence et des visiteurs venus nombreux pour un vrai moment de partage, de rencontres et d&rsquo;\u00e9changes dans la joie et l&rsquo;all\u00e9gresse, vivement la prochaine \u00e9dition !<\/p>\n<p><img loading=\"lazy\" decoding=\"async\" class=\"alignnone size-medium wp-image-583\" src=\"https:\/\/foyer-rural-cessenon-sur-orb.com\/wp-content\/uploads\/2021\/11\/285506599_1731128973897194_3692847621148243316_n-300x200.jpg\" alt=\"\" width=\"300\" height=\"200\" \/> <img loading=\"lazy\" decoding=\"async\" class=\"alignnone size-medium wp-image-582\" src=\"https:\/\/foyer-rural-cessenon-sur-orb.com\/wp-content\/uploads\/2021\/11\/285213045_1731128610563897_1482117789057420468_n-300x169.jpg\" alt=\"\" width=\"300\" height=\"169\" \/> <img loading=\"lazy\" decoding=\"async\" class=\"alignnone size-medium wp-image-579\" src=\"https:\/\/foyer-rural-cessenon-sur-orb.com\/wp-content\/uploads\/2021\/11\/283750862_1730549007288524_8080324496449448506_n-300x200.jpg\" alt=\"\" width=\"300\" height=\"200\" \/> <img loading=\"lazy\" decoding=\"async\" class=\"alignnone size-medium wp-image-580\" src=\"https:\/\/foyer-rural-cessenon-sur-orb.com\/wp-content\/uploads\/2021\/11\/283988907_1730548743955217_5858394044526266493_n-300x200.jpg\" alt=\"\" width=\"300\" height=\"200\" \/> <img loading=\"lazy\" decoding=\"async\" class=\"alignnone size-medium wp-image-589\" src=\"https:\/\/foyer-rural-cessenon-sur-orb.com\/wp-content\/uploads\/2021\/11\/286446812_1644573862573708_8441535681132334457_n-300x169.jpg\" alt=\"\" width=\"300\" height=\"169\" \/> <img loading=\"lazy\" decoding=\"async\" class=\"alignnone size-medium wp-image-586\" src=\"https:\/\/foyer-rural-cessenon-sur-orb.com\/wp-content\/uploads\/2021\/11\/286163175_1644573465907081_4185311322409667723_n-1-200x300.jpg\" alt=\"\" width=\"200\" height=\"300\" \/> <img loading=\"lazy\" decoding=\"async\" class=\"alignnone size-medium wp-image-569\" src=\"https:\/\/foyer-rural-cessenon-sur-orb.com\/wp-content\/uploads\/2022\/06\/20220605_1458131-300x135.jpg\" alt=\"\" width=\"300\" height=\"135\" \/><\/p>\n<figure id=\"attachment_567\" aria-describedby=\"caption-attachment-567\" style=\"width: 300px\" class=\"wp-caption alignnone\"><img loading=\"lazy\" decoding=\"async\" class=\"size-medium wp-image-567\" src=\"https:\/\/foyer-rural-cessenon-sur-orb.com\/wp-content\/uploads\/2022\/06\/20220605_1427321-300x135.jpg\" alt=\"\" width=\"300\" height=\"135\" \/><figcaption id=\"caption-attachment-567\" class=\"wp-caption-text\">La bod\u00e8ga ou craba est une cornemuse occitane. La peau provient d&rsquo;une ch\u00e8vre enti\u00e8re.<\/figcaption><\/figure>\n<p><img loading=\"lazy\" decoding=\"async\" class=\"alignnone size-medium wp-image-599\" src=\"https:\/\/foyer-rural-cessenon-sur-orb.com\/wp-content\/uploads\/2022\/06\/20220605_160537-135x300.jpg\" alt=\"\" width=\"135\" height=\"300\" \/> <img loading=\"lazy\" decoding=\"async\" class=\"alignnone size-medium wp-image-597\" src=\"https:\/\/foyer-rural-cessenon-sur-orb.com\/wp-content\/uploads\/2022\/06\/20220605_160501-135x300.jpg\" alt=\"\" width=\"135\" height=\"300\" \/> <img loading=\"lazy\" decoding=\"async\" class=\"alignnone size-medium wp-image-598\" src=\"https:\/\/foyer-rural-cessenon-sur-orb.com\/wp-content\/uploads\/2022\/06\/20220605_155216-300x135.jpg\" alt=\"\" width=\"300\" height=\"135\" \/> <img loading=\"lazy\" decoding=\"async\" class=\"alignnone size-medium wp-image-592\" src=\"https:\/\/foyer-rural-cessenon-sur-orb.com\/wp-content\/uploads\/2021\/11\/286514950_1644573752573719_364616662291359351_n-300x200.jpg\" alt=\"\" width=\"300\" height=\"200\" \/> <img loading=\"lazy\" decoding=\"async\" class=\"alignnone size-medium wp-image-571\" src=\"https:\/\/foyer-rural-cessenon-sur-orb.com\/wp-content\/uploads\/2022\/06\/20220605_1529291-300x135.jpg\" alt=\"\" width=\"300\" height=\"135\" \/> <img loading=\"lazy\" decoding=\"async\" class=\"alignnone size-medium wp-image-572\" src=\"https:\/\/foyer-rural-cessenon-sur-orb.com\/wp-content\/uploads\/2022\/06\/20220605_1531161-300x135.jpg\" alt=\"\" width=\"300\" height=\"135\" \/> <img loading=\"lazy\" decoding=\"async\" class=\"alignnone size-medium wp-image-573\" src=\"https:\/\/foyer-rural-cessenon-sur-orb.com\/wp-content\/uploads\/2022\/06\/20220605_1534461-300x135.jpg\" alt=\"\" width=\"300\" height=\"135\" \/> <img loading=\"lazy\" decoding=\"async\" class=\"alignnone size-medium wp-image-587\" src=\"https:\/\/foyer-rural-cessenon-sur-orb.com\/wp-content\/uploads\/2021\/11\/286186785_1644573589240402_6050827886826905515_n-300x200.jpg\" alt=\"\" width=\"300\" height=\"200\" \/><img loading=\"lazy\" decoding=\"async\" class=\"alignnone size-medium wp-image-600\" src=\"https:\/\/foyer-rural-cessenon-sur-orb.com\/wp-content\/uploads\/2022\/06\/20220605_161921-300x135.jpg\" alt=\"\" width=\"300\" height=\"135\" \/><\/p>\n","protected":false},"excerpt":{"rendered":"<div class=\"mh-excerpt\"><p>Du 3 au 5 juin Cessenon sur Orb a pass\u00e9 un week-end en f\u00eate mettant la culture occitane \u00e0 l&rsquo;honneur avec la premi\u00e8re \u00e9dition de <a class=\"mh-excerpt-more\" href=\"https:\/\/foyer-rural-cessenon-sur-orb.com\/index.php\/2022\/06\/12\/retour-sur-le-festenal-1ere-edition\/\" title=\"Retour sur le Festenal &#8211; 1\u00e8re \u00e9dition\">[&#8230;]<\/a><\/p>\n<\/div>","protected":false},"author":2,"featured_media":0,"comment_status":"open","ping_status":"open","sticky":false,"template":"","format":"standard","meta":{"footnotes":""},"categories":[1],"tags":[],"class_list":["post-566","post","type-post","status-publish","format-standard","hentry","category-non-classe"],"yoast_head":"<!-- This site is optimized with the Yoast SEO plugin v27.5 - https:\/\/yoast.com\/product\/yoast-seo-wordpress\/ -->\n<title>Retour sur le Festenal - 1\u00e8re \u00e9dition - Foyer rural de Cessenon-sur-Orb<\/title>\n<meta name=\"robots\" content=\"index, follow, max-snippet:-1, max-image-preview:large, max-video-preview:-1\" \/>\n<link rel=\"canonical\" href=\"https:\/\/foyer-rural-cessenon-sur-orb.com\/index.php\/2022\/06\/12\/retour-sur-le-festenal-1ere-edition\/\" \/>\n<meta property=\"og:locale\" content=\"fr_FR\" \/>\n<meta property=\"og:type\" content=\"article\" \/>\n<meta property=\"og:title\" content=\"Retour sur le Festenal - 1\u00e8re \u00e9dition - Foyer rural de Cessenon-sur-Orb\" \/>\n<meta property=\"og:description\" content=\"Du 3 au 5 juin Cessenon sur Orb a pass\u00e9 un week-end en f\u00eate mettant la culture occitane \u00e0 l&rsquo;honneur avec la premi\u00e8re \u00e9dition de [...]\" \/>\n<meta property=\"og:url\" content=\"https:\/\/foyer-rural-cessenon-sur-orb.com\/index.php\/2022\/06\/12\/retour-sur-le-festenal-1ere-edition\/\" \/>\n<meta property=\"og:site_name\" content=\"Foyer rural de Cessenon-sur-Orb\" \/>\n<meta property=\"article:publisher\" content=\"https:\/\/www.facebook.com\/groups\/1696123983887036\" \/>\n<meta property=\"article:published_time\" content=\"2022-06-12T18:18:10+00:00\" \/>\n<meta property=\"og:image\" content=\"https:\/\/foyer-rural-cessenon-sur-orb.com\/wp-content\/uploads\/2021\/11\/285154542_1730549050621853_1222308598174769942_n.jpg\" \/>\n\t<meta property=\"og:image:width\" content=\"2048\" \/>\n\t<meta property=\"og:image:height\" content=\"1152\" \/>\n\t<meta property=\"og:image:type\" content=\"image\/jpeg\" \/>\n<meta name=\"author\" content=\"Fanny\" \/>\n<meta name=\"twitter:card\" content=\"summary_large_image\" \/>\n<meta name=\"twitter:label1\" content=\"\u00c9crit par\" \/>\n\t<meta name=\"twitter:data1\" content=\"Fanny\" \/>\n\t<meta name=\"twitter:label2\" content=\"Dur\u00e9e de lecture estim\u00e9e\" \/>\n\t<meta name=\"twitter:data2\" content=\"5 minutes\" \/>\n<script type=\"application\/ld+json\" class=\"yoast-schema-graph\">{\"@context\":\"https:\\\/\\\/schema.org\",\"@graph\":[{\"@type\":\"Article\",\"@id\":\"https:\\\/\\\/foyer-rural-cessenon-sur-orb.com\\\/index.php\\\/2022\\\/06\\\/12\\\/retour-sur-le-festenal-1ere-edition\\\/#article\",\"isPartOf\":{\"@id\":\"https:\\\/\\\/foyer-rural-cessenon-sur-orb.com\\\/index.php\\\/2022\\\/06\\\/12\\\/retour-sur-le-festenal-1ere-edition\\\/\"},\"author\":{\"name\":\"Fanny\",\"@id\":\"https:\\\/\\\/foyer-rural-cessenon-sur-orb.com\\\/#\\\/schema\\\/person\\\/ae45c47b6ad339bab7ba9bd75da5ed61\"},\"headline\":\"Retour sur le Festenal &#8211; 1\u00e8re \u00e9dition\",\"datePublished\":\"2022-06-12T18:18:10+00:00\",\"mainEntityOfPage\":{\"@id\":\"https:\\\/\\\/foyer-rural-cessenon-sur-orb.com\\\/index.php\\\/2022\\\/06\\\/12\\\/retour-sur-le-festenal-1ere-edition\\\/\"},\"wordCount\":163,\"commentCount\":0,\"publisher\":{\"@id\":\"https:\\\/\\\/foyer-rural-cessenon-sur-orb.com\\\/#organization\"},\"image\":{\"@id\":\"https:\\\/\\\/foyer-rural-cessenon-sur-orb.com\\\/index.php\\\/2022\\\/06\\\/12\\\/retour-sur-le-festenal-1ere-edition\\\/#primaryimage\"},\"thumbnailUrl\":\"https:\\\/\\\/foyer-rural-cessenon-sur-orb.com\\\/wp-content\\\/uploads\\\/2021\\\/11\\\/285506599_1731128973897194_3692847621148243316_n-300x200.jpg\",\"inLanguage\":\"fr-FR\",\"potentialAction\":[{\"@type\":\"CommentAction\",\"name\":\"Comment\",\"target\":[\"https:\\\/\\\/foyer-rural-cessenon-sur-orb.com\\\/index.php\\\/2022\\\/06\\\/12\\\/retour-sur-le-festenal-1ere-edition\\\/#respond\"]}]},{\"@type\":\"WebPage\",\"@id\":\"https:\\\/\\\/foyer-rural-cessenon-sur-orb.com\\\/index.php\\\/2022\\\/06\\\/12\\\/retour-sur-le-festenal-1ere-edition\\\/\",\"url\":\"https:\\\/\\\/foyer-rural-cessenon-sur-orb.com\\\/index.php\\\/2022\\\/06\\\/12\\\/retour-sur-le-festenal-1ere-edition\\\/\",\"name\":\"Retour sur le Festenal - 1\u00e8re \u00e9dition - Foyer rural de Cessenon-sur-Orb\",\"isPartOf\":{\"@id\":\"https:\\\/\\\/foyer-rural-cessenon-sur-orb.com\\\/#website\"},\"primaryImageOfPage\":{\"@id\":\"https:\\\/\\\/foyer-rural-cessenon-sur-orb.com\\\/index.php\\\/2022\\\/06\\\/12\\\/retour-sur-le-festenal-1ere-edition\\\/#primaryimage\"},\"image\":{\"@id\":\"https:\\\/\\\/foyer-rural-cessenon-sur-orb.com\\\/index.php\\\/2022\\\/06\\\/12\\\/retour-sur-le-festenal-1ere-edition\\\/#primaryimage\"},\"thumbnailUrl\":\"https:\\\/\\\/foyer-rural-cessenon-sur-orb.com\\\/wp-content\\\/uploads\\\/2021\\\/11\\\/285506599_1731128973897194_3692847621148243316_n-300x200.jpg\",\"datePublished\":\"2022-06-12T18:18:10+00:00\",\"breadcrumb\":{\"@id\":\"https:\\\/\\\/foyer-rural-cessenon-sur-orb.com\\\/index.php\\\/2022\\\/06\\\/12\\\/retour-sur-le-festenal-1ere-edition\\\/#breadcrumb\"},\"inLanguage\":\"fr-FR\",\"potentialAction\":[{\"@type\":\"ReadAction\",\"target\":[\"https:\\\/\\\/foyer-rural-cessenon-sur-orb.com\\\/index.php\\\/2022\\\/06\\\/12\\\/retour-sur-le-festenal-1ere-edition\\\/\"]}]},{\"@type\":\"ImageObject\",\"inLanguage\":\"fr-FR\",\"@id\":\"https:\\\/\\\/foyer-rural-cessenon-sur-orb.com\\\/index.php\\\/2022\\\/06\\\/12\\\/retour-sur-le-festenal-1ere-edition\\\/#primaryimage\",\"url\":\"\",\"contentUrl\":\"\"},{\"@type\":\"BreadcrumbList\",\"@id\":\"https:\\\/\\\/foyer-rural-cessenon-sur-orb.com\\\/index.php\\\/2022\\\/06\\\/12\\\/retour-sur-le-festenal-1ere-edition\\\/#breadcrumb\",\"itemListElement\":[{\"@type\":\"ListItem\",\"position\":1,\"name\":\"Accueil\",\"item\":\"https:\\\/\\\/foyer-rural-cessenon-sur-orb.com\\\/\"},{\"@type\":\"ListItem\",\"position\":2,\"name\":\"Retour sur le Festenal &#8211; 1\u00e8re \u00e9dition\"}]},{\"@type\":\"WebSite\",\"@id\":\"https:\\\/\\\/foyer-rural-cessenon-sur-orb.com\\\/#website\",\"url\":\"https:\\\/\\\/foyer-rural-cessenon-sur-orb.com\\\/\",\"name\":\"Foyer rural de Cessenon-sur-Orb\",\"description\":\"Des activit\u00e9s culturelles et sportives pour enfants et adultes\",\"publisher\":{\"@id\":\"https:\\\/\\\/foyer-rural-cessenon-sur-orb.com\\\/#organization\"},\"potentialAction\":[{\"@type\":\"SearchAction\",\"target\":{\"@type\":\"EntryPoint\",\"urlTemplate\":\"https:\\\/\\\/foyer-rural-cessenon-sur-orb.com\\\/?s={search_term_string}\"},\"query-input\":{\"@type\":\"PropertyValueSpecification\",\"valueRequired\":true,\"valueName\":\"search_term_string\"}}],\"inLanguage\":\"fr-FR\"},{\"@type\":\"Organization\",\"@id\":\"https:\\\/\\\/foyer-rural-cessenon-sur-orb.com\\\/#organization\",\"name\":\"Foyer Rural de Cessenon sur Orb\",\"url\":\"https:\\\/\\\/foyer-rural-cessenon-sur-orb.com\\\/\",\"logo\":{\"@type\":\"ImageObject\",\"inLanguage\":\"fr-FR\",\"@id\":\"https:\\\/\\\/foyer-rural-cessenon-sur-orb.com\\\/#\\\/schema\\\/logo\\\/image\\\/\",\"url\":\"http:\\\/\\\/foyer-rural-cessenon-sur-orb.com\\\/wp-content\\\/uploads\\\/2021\\\/11\\\/234853963_10226775273545354_1373390309901946513_n-e1639922054691.jpg\",\"contentUrl\":\"http:\\\/\\\/foyer-rural-cessenon-sur-orb.com\\\/wp-content\\\/uploads\\\/2021\\\/11\\\/234853963_10226775273545354_1373390309901946513_n-e1639922054691.jpg\",\"width\":822,\"height\":675,\"caption\":\"Foyer Rural de Cessenon sur Orb\"},\"image\":{\"@id\":\"https:\\\/\\\/foyer-rural-cessenon-sur-orb.com\\\/#\\\/schema\\\/logo\\\/image\\\/\"},\"sameAs\":[\"https:\\\/\\\/www.facebook.com\\\/groups\\\/1696123983887036\"]},{\"@type\":\"Person\",\"@id\":\"https:\\\/\\\/foyer-rural-cessenon-sur-orb.com\\\/#\\\/schema\\\/person\\\/ae45c47b6ad339bab7ba9bd75da5ed61\",\"name\":\"Fanny\",\"image\":{\"@type\":\"ImageObject\",\"inLanguage\":\"fr-FR\",\"@id\":\"https:\\\/\\\/secure.gravatar.com\\\/avatar\\\/7ea62597e4e4db6c1d502872a69feb4282332e5f3e77cb02b71b6b74ea2ddd22?s=96&d=mm&r=g\",\"url\":\"https:\\\/\\\/secure.gravatar.com\\\/avatar\\\/7ea62597e4e4db6c1d502872a69feb4282332e5f3e77cb02b71b6b74ea2ddd22?s=96&d=mm&r=g\",\"contentUrl\":\"https:\\\/\\\/secure.gravatar.com\\\/avatar\\\/7ea62597e4e4db6c1d502872a69feb4282332e5f3e77cb02b71b6b74ea2ddd22?s=96&d=mm&r=g\",\"caption\":\"Fanny\"},\"url\":\"https:\\\/\\\/foyer-rural-cessenon-sur-orb.com\\\/index.php\\\/author\\\/fanny\\\/\"}]}<\/script>\n<!-- \/ Yoast SEO plugin. -->","yoast_head_json":{"title":"Retour sur le Festenal - 1\u00e8re \u00e9dition - Foyer rural de Cessenon-sur-Orb","robots":{"index":"index","follow":"follow","max-snippet":"max-snippet:-1","max-image-preview":"max-image-preview:large","max-video-preview":"max-video-preview:-1"},"canonical":"https:\/\/foyer-rural-cessenon-sur-orb.com\/index.php\/2022\/06\/12\/retour-sur-le-festenal-1ere-edition\/","og_locale":"fr_FR","og_type":"article","og_title":"Retour sur le Festenal - 1\u00e8re \u00e9dition - Foyer rural de Cessenon-sur-Orb","og_description":"Du 3 au 5 juin Cessenon sur Orb a pass\u00e9 un week-end en f\u00eate mettant la culture occitane \u00e0 l&rsquo;honneur avec la premi\u00e8re \u00e9dition de [...]","og_url":"https:\/\/foyer-rural-cessenon-sur-orb.com\/index.php\/2022\/06\/12\/retour-sur-le-festenal-1ere-edition\/","og_site_name":"Foyer rural de Cessenon-sur-Orb","article_publisher":"https:\/\/www.facebook.com\/groups\/1696123983887036","article_published_time":"2022-06-12T18:18:10+00:00","og_image":[{"width":2048,"height":1152,"url":"https:\/\/foyer-rural-cessenon-sur-orb.com\/wp-content\/uploads\/2021\/11\/285154542_1730549050621853_1222308598174769942_n.jpg","type":"image\/jpeg"}],"author":"Fanny","twitter_card":"summary_large_image","twitter_misc":{"\u00c9crit par":"Fanny","Dur\u00e9e de lecture estim\u00e9e":"5 minutes"},"schema":{"@context":"https:\/\/schema.org","@graph":[{"@type":"Article","@id":"https:\/\/foyer-rural-cessenon-sur-orb.com\/index.php\/2022\/06\/12\/retour-sur-le-festenal-1ere-edition\/#article","isPartOf":{"@id":"https:\/\/foyer-rural-cessenon-sur-orb.com\/index.php\/2022\/06\/12\/retour-sur-le-festenal-1ere-edition\/"},"author":{"name":"Fanny","@id":"https:\/\/foyer-rural-cessenon-sur-orb.com\/#\/schema\/person\/ae45c47b6ad339bab7ba9bd75da5ed61"},"headline":"Retour sur le Festenal &#8211; 1\u00e8re \u00e9dition","datePublished":"2022-06-12T18:18:10+00:00","mainEntityOfPage":{"@id":"https:\/\/foyer-rural-cessenon-sur-orb.com\/index.php\/2022\/06\/12\/retour-sur-le-festenal-1ere-edition\/"},"wordCount":163,"commentCount":0,"publisher":{"@id":"https:\/\/foyer-rural-cessenon-sur-orb.com\/#organization"},"image":{"@id":"https:\/\/foyer-rural-cessenon-sur-orb.com\/index.php\/2022\/06\/12\/retour-sur-le-festenal-1ere-edition\/#primaryimage"},"thumbnailUrl":"https:\/\/foyer-rural-cessenon-sur-orb.com\/wp-content\/uploads\/2021\/11\/285506599_1731128973897194_3692847621148243316_n-300x200.jpg","inLanguage":"fr-FR","potentialAction":[{"@type":"CommentAction","name":"Comment","target":["https:\/\/foyer-rural-cessenon-sur-orb.com\/index.php\/2022\/06\/12\/retour-sur-le-festenal-1ere-edition\/#respond"]}]},{"@type":"WebPage","@id":"https:\/\/foyer-rural-cessenon-sur-orb.com\/index.php\/2022\/06\/12\/retour-sur-le-festenal-1ere-edition\/","url":"https:\/\/foyer-rural-cessenon-sur-orb.com\/index.php\/2022\/06\/12\/retour-sur-le-festenal-1ere-edition\/","name":"Retour sur le Festenal - 1\u00e8re \u00e9dition - Foyer rural de Cessenon-sur-Orb","isPartOf":{"@id":"https:\/\/foyer-rural-cessenon-sur-orb.com\/#website"},"primaryImageOfPage":{"@id":"https:\/\/foyer-rural-cessenon-sur-orb.com\/index.php\/2022\/06\/12\/retour-sur-le-festenal-1ere-edition\/#primaryimage"},"image":{"@id":"https:\/\/foyer-rural-cessenon-sur-orb.com\/index.php\/2022\/06\/12\/retour-sur-le-festenal-1ere-edition\/#primaryimage"},"thumbnailUrl":"https:\/\/foyer-rural-cessenon-sur-orb.com\/wp-content\/uploads\/2021\/11\/285506599_1731128973897194_3692847621148243316_n-300x200.jpg","datePublished":"2022-06-12T18:18:10+00:00","breadcrumb":{"@id":"https:\/\/foyer-rural-cessenon-sur-orb.com\/index.php\/2022\/06\/12\/retour-sur-le-festenal-1ere-edition\/#breadcrumb"},"inLanguage":"fr-FR","potentialAction":[{"@type":"ReadAction","target":["https:\/\/foyer-rural-cessenon-sur-orb.com\/index.php\/2022\/06\/12\/retour-sur-le-festenal-1ere-edition\/"]}]},{"@type":"ImageObject","inLanguage":"fr-FR","@id":"https:\/\/foyer-rural-cessenon-sur-orb.com\/index.php\/2022\/06\/12\/retour-sur-le-festenal-1ere-edition\/#primaryimage","url":"","contentUrl":""},{"@type":"BreadcrumbList","@id":"https:\/\/foyer-rural-cessenon-sur-orb.com\/index.php\/2022\/06\/12\/retour-sur-le-festenal-1ere-edition\/#breadcrumb","itemListElement":[{"@type":"ListItem","position":1,"name":"Accueil","item":"https:\/\/foyer-rural-cessenon-sur-orb.com\/"},{"@type":"ListItem","position":2,"name":"Retour sur le Festenal &#8211; 1\u00e8re \u00e9dition"}]},{"@type":"WebSite","@id":"https:\/\/foyer-rural-cessenon-sur-orb.com\/#website","url":"https:\/\/foyer-rural-cessenon-sur-orb.com\/","name":"Foyer rural de Cessenon-sur-Orb","description":"Des activit\u00e9s culturelles et sportives pour enfants et adultes","publisher":{"@id":"https:\/\/foyer-rural-cessenon-sur-orb.com\/#organization"},"potentialAction":[{"@type":"SearchAction","target":{"@type":"EntryPoint","urlTemplate":"https:\/\/foyer-rural-cessenon-sur-orb.com\/?s={search_term_string}"},"query-input":{"@type":"PropertyValueSpecification","valueRequired":true,"valueName":"search_term_string"}}],"inLanguage":"fr-FR"},{"@type":"Organization","@id":"https:\/\/foyer-rural-cessenon-sur-orb.com\/#organization","name":"Foyer Rural de Cessenon sur Orb","url":"https:\/\/foyer-rural-cessenon-sur-orb.com\/","logo":{"@type":"ImageObject","inLanguage":"fr-FR","@id":"https:\/\/foyer-rural-cessenon-sur-orb.com\/#\/schema\/logo\/image\/","url":"http:\/\/foyer-rural-cessenon-sur-orb.com\/wp-content\/uploads\/2021\/11\/234853963_10226775273545354_1373390309901946513_n-e1639922054691.jpg","contentUrl":"http:\/\/foyer-rural-cessenon-sur-orb.com\/wp-content\/uploads\/2021\/11\/234853963_10226775273545354_1373390309901946513_n-e1639922054691.jpg","width":822,"height":675,"caption":"Foyer Rural de Cessenon sur Orb"},"image":{"@id":"https:\/\/foyer-rural-cessenon-sur-orb.com\/#\/schema\/logo\/image\/"},"sameAs":["https:\/\/www.facebook.com\/groups\/1696123983887036"]},{"@type":"Person","@id":"https:\/\/foyer-rural-cessenon-sur-orb.com\/#\/schema\/person\/ae45c47b6ad339bab7ba9bd75da5ed61","name":"Fanny","image":{"@type":"ImageObject","inLanguage":"fr-FR","@id":"https:\/\/secure.gravatar.com\/avatar\/7ea62597e4e4db6c1d502872a69feb4282332e5f3e77cb02b71b6b74ea2ddd22?s=96&d=mm&r=g","url":"https:\/\/secure.gravatar.com\/avatar\/7ea62597e4e4db6c1d502872a69feb4282332e5f3e77cb02b71b6b74ea2ddd22?s=96&d=mm&r=g","contentUrl":"https:\/\/secure.gravatar.com\/avatar\/7ea62597e4e4db6c1d502872a69feb4282332e5f3e77cb02b71b6b74ea2ddd22?s=96&d=mm&r=g","caption":"Fanny"},"url":"https:\/\/foyer-rural-cessenon-sur-orb.com\/index.php\/author\/fanny\/"}]}},"_links":{"self":[{"href":"https:\/\/foyer-rural-cessenon-sur-orb.com\/index.php\/wp-json\/wp\/v2\/posts\/566","targetHints":{"allow":["GET"]}}],"collection":[{"href":"https:\/\/foyer-rural-cessenon-sur-orb.com\/index.php\/wp-json\/wp\/v2\/posts"}],"about":[{"href":"https:\/\/foyer-rural-cessenon-sur-orb.com\/index.php\/wp-json\/wp\/v2\/types\/post"}],"author":[{"embeddable":true,"href":"https:\/\/foyer-rural-cessenon-sur-orb.com\/index.php\/wp-json\/wp\/v2\/users\/2"}],"replies":[{"embeddable":true,"href":"https:\/\/foyer-rural-cessenon-sur-orb.com\/index.php\/wp-json\/wp\/v2\/comments?post=566"}],"version-history":[{"count":2,"href":"https:\/\/foyer-rural-cessenon-sur-orb.com\/index.php\/wp-json\/wp\/v2\/posts\/566\/revisions"}],"predecessor-version":[{"id":601,"href":"https:\/\/foyer-rural-cessenon-sur-orb.com\/index.php\/wp-json\/wp\/v2\/posts\/566\/revisions\/601"}],"wp:attachment":[{"href":"https:\/\/foyer-rural-cessenon-sur-orb.com\/index.php\/wp-json\/wp\/v2\/media?parent=566"}],"wp:term":[{"taxonomy":"category","embeddable":true,"href":"https:\/\/foyer-rural-cessenon-sur-orb.com\/index.php\/wp-json\/wp\/v2\/categories?post=566"},{"taxonomy":"post_tag","embeddable":true,"href":"https:\/\/foyer-rural-cessenon-sur-orb.com\/index.php\/wp-json\/wp\/v2\/tags?post=566"}],"curies":[{"name":"wp","href":"https:\/\/api.w.org\/{rel}","templated":true}]}}