{"id":405,"date":"2022-03-05T14:30:35","date_gmt":"2022-03-05T13:30:35","guid":{"rendered":"https:\/\/foyer-rural-cessenon-sur-orb.com\/?p=405"},"modified":"2022-03-05T21:04:00","modified_gmt":"2022-03-05T20:04:00","slug":"grande-consultation-de-la-jeunesse-de-cessenon","status":"publish","type":"post","link":"https:\/\/foyer-rural-cessenon-sur-orb.com\/index.php\/2022\/03\/05\/grande-consultation-de-la-jeunesse-de-cessenon\/","title":{"rendered":"Grande consultation de la jeunesse de Cessenon"},"content":{"rendered":"<p class=\"normal\" style=\"text-align: justify;\">\u00a0Le Foyer Rural de Cessenon sur Orb souhaite d\u00e9velopper son offre d&rsquo;activit\u00e9s \u00e0 destination des plus jeunes pour la rentr\u00e9e 2022. Pour cela il lance une consultation aupr\u00e8s\u00a0 des\u00a0 \u00e9l\u00e8ves de maternelle et du primaire \u00e0 partir de ce lundi 7 mars.<!--more--><\/p>\n<p class=\"normal\" style=\"text-align: justify;\">\u00a0Un questionnaire sera distribu\u00e9 par l&rsquo;interm\u00e9diaire des \u00e9coles aux \u00e9l\u00e8ves de la maternelle et du primaire afin de recueillir les attentes des enfants et de leurs parents en\u00a0\u00a0\u00a0\u00a0\u00a0 mati\u00e8re d&rsquo;activit\u00e9s culturelles et \/ ou sportives sur le village.<\/p>\n<p class=\"normal\" style=\"text-align: justify;\">Ce mini questionnaire, sera \u00e0 ramener \u00e0 l\u2019\u00e9cole <u>avant le <\/u><u>11 mars 2022.<\/u><\/p>\n<p class=\"normal\" style=\"text-align: justify;\">Les r\u00e9sultats permettront \u00e0 l&rsquo;\u00e9quipe de b\u00e9n\u00e9voles de travailler sur le programme de la rentr\u00e9e 2022.<\/p>\n<p class=\"normal\" style=\"text-align: justify;\">Nous vous remercions vivement par avance de votre participation !<\/p>\n","protected":false},"excerpt":{"rendered":"<div class=\"mh-excerpt\"><p>\u00a0Le Foyer Rural de Cessenon sur Orb souhaite d\u00e9velopper son offre d&rsquo;activit\u00e9s \u00e0 destination des plus jeunes pour la rentr\u00e9e 2022. Pour cela il lance <a class=\"mh-excerpt-more\" href=\"https:\/\/foyer-rural-cessenon-sur-orb.com\/index.php\/2022\/03\/05\/grande-consultation-de-la-jeunesse-de-cessenon\/\" title=\"Grande consultation de la jeunesse de Cessenon\">[&#8230;]<\/a><\/p>\n<\/div>","protected":false},"author":2,"featured_media":0,"comment_status":"open","ping_status":"open","sticky":false,"template":"","format":"standard","meta":{"footnotes":""},"categories":[1],"tags":[],"class_list":["post-405","post","type-post","status-publish","format-standard","hentry","category-non-classe"],"yoast_head":"<!-- This site is optimized with the Yoast SEO plugin v27.5 - https:\/\/yoast.com\/product\/yoast-seo-wordpress\/ -->\n<title>Grande consultation de la jeunesse de Cessenon - Foyer rural de Cessenon-sur-Orb<\/title>\n<meta name=\"robots\" content=\"index, follow, max-snippet:-1, max-image-preview:large, max-video-preview:-1\" \/>\n<link rel=\"canonical\" href=\"https:\/\/foyer-rural-cessenon-sur-orb.com\/index.php\/2022\/03\/05\/grande-consultation-de-la-jeunesse-de-cessenon\/\" \/>\n<meta property=\"og:locale\" content=\"fr_FR\" \/>\n<meta property=\"og:type\" content=\"article\" \/>\n<meta property=\"og:title\" content=\"Grande consultation de la jeunesse de Cessenon - Foyer rural de Cessenon-sur-Orb\" \/>\n<meta property=\"og:description\" content=\"\u00a0Le Foyer Rural de Cessenon sur Orb souhaite d\u00e9velopper son offre d&rsquo;activit\u00e9s \u00e0 destination des plus jeunes pour la rentr\u00e9e 2022. Pour cela il lance [...]\" \/>\n<meta property=\"og:url\" content=\"https:\/\/foyer-rural-cessenon-sur-orb.com\/index.php\/2022\/03\/05\/grande-consultation-de-la-jeunesse-de-cessenon\/\" \/>\n<meta property=\"og:site_name\" content=\"Foyer rural de Cessenon-sur-Orb\" \/>\n<meta property=\"article:publisher\" content=\"https:\/\/www.facebook.com\/groups\/1696123983887036\" \/>\n<meta property=\"article:published_time\" content=\"2022-03-05T13:30:35+00:00\" \/>\n<meta property=\"article:modified_time\" content=\"2022-03-05T20:04:00+00:00\" \/>\n<meta property=\"og:image\" content=\"https:\/\/foyer-rural-cessenon-sur-orb.com\/wp-content\/uploads\/2022\/03\/kids-g8db2d57a5_1920.png\" \/>\n\t<meta property=\"og:image:width\" content=\"1869\" \/>\n\t<meta property=\"og:image:height\" content=\"1920\" \/>\n\t<meta property=\"og:image:type\" content=\"image\/png\" \/>\n<meta name=\"author\" content=\"Fanny\" \/>\n<meta name=\"twitter:card\" content=\"summary_large_image\" \/>\n<meta name=\"twitter:label1\" content=\"\u00c9crit par\" \/>\n\t<meta name=\"twitter:data1\" content=\"Fanny\" \/>\n\t<meta name=\"twitter:label2\" content=\"Dur\u00e9e de lecture estim\u00e9e\" \/>\n\t<meta name=\"twitter:data2\" content=\"1 minute\" \/>\n<script type=\"application\/ld+json\" class=\"yoast-schema-graph\">{\"@context\":\"https:\\\/\\\/schema.org\",\"@graph\":[{\"@type\":\"Article\",\"@id\":\"https:\\\/\\\/foyer-rural-cessenon-sur-orb.com\\\/index.php\\\/2022\\\/03\\\/05\\\/grande-consultation-de-la-jeunesse-de-cessenon\\\/#article\",\"isPartOf\":{\"@id\":\"https:\\\/\\\/foyer-rural-cessenon-sur-orb.com\\\/index.php\\\/2022\\\/03\\\/05\\\/grande-consultation-de-la-jeunesse-de-cessenon\\\/\"},\"author\":{\"name\":\"Fanny\",\"@id\":\"https:\\\/\\\/foyer-rural-cessenon-sur-orb.com\\\/#\\\/schema\\\/person\\\/ae45c47b6ad339bab7ba9bd75da5ed61\"},\"headline\":\"Grande consultation de la jeunesse de Cessenon\",\"datePublished\":\"2022-03-05T13:30:35+00:00\",\"dateModified\":\"2022-03-05T20:04:00+00:00\",\"mainEntityOfPage\":{\"@id\":\"https:\\\/\\\/foyer-rural-cessenon-sur-orb.com\\\/index.php\\\/2022\\\/03\\\/05\\\/grande-consultation-de-la-jeunesse-de-cessenon\\\/\"},\"wordCount\":132,\"commentCount\":0,\"publisher\":{\"@id\":\"https:\\\/\\\/foyer-rural-cessenon-sur-orb.com\\\/#organization\"},\"inLanguage\":\"fr-FR\",\"potentialAction\":[{\"@type\":\"CommentAction\",\"name\":\"Comment\",\"target\":[\"https:\\\/\\\/foyer-rural-cessenon-sur-orb.com\\\/index.php\\\/2022\\\/03\\\/05\\\/grande-consultation-de-la-jeunesse-de-cessenon\\\/#respond\"]}]},{\"@type\":\"WebPage\",\"@id\":\"https:\\\/\\\/foyer-rural-cessenon-sur-orb.com\\\/index.php\\\/2022\\\/03\\\/05\\\/grande-consultation-de-la-jeunesse-de-cessenon\\\/\",\"url\":\"https:\\\/\\\/foyer-rural-cessenon-sur-orb.com\\\/index.php\\\/2022\\\/03\\\/05\\\/grande-consultation-de-la-jeunesse-de-cessenon\\\/\",\"name\":\"Grande consultation de la jeunesse de Cessenon - Foyer rural de Cessenon-sur-Orb\",\"isPartOf\":{\"@id\":\"https:\\\/\\\/foyer-rural-cessenon-sur-orb.com\\\/#website\"},\"datePublished\":\"2022-03-05T13:30:35+00:00\",\"dateModified\":\"2022-03-05T20:04:00+00:00\",\"breadcrumb\":{\"@id\":\"https:\\\/\\\/foyer-rural-cessenon-sur-orb.com\\\/index.php\\\/2022\\\/03\\\/05\\\/grande-consultation-de-la-jeunesse-de-cessenon\\\/#breadcrumb\"},\"inLanguage\":\"fr-FR\",\"potentialAction\":[{\"@type\":\"ReadAction\",\"target\":[\"https:\\\/\\\/foyer-rural-cessenon-sur-orb.com\\\/index.php\\\/2022\\\/03\\\/05\\\/grande-consultation-de-la-jeunesse-de-cessenon\\\/\"]}]},{\"@type\":\"BreadcrumbList\",\"@id\":\"https:\\\/\\\/foyer-rural-cessenon-sur-orb.com\\\/index.php\\\/2022\\\/03\\\/05\\\/grande-consultation-de-la-jeunesse-de-cessenon\\\/#breadcrumb\",\"itemListElement\":[{\"@type\":\"ListItem\",\"position\":1,\"name\":\"Accueil\",\"item\":\"https:\\\/\\\/foyer-rural-cessenon-sur-orb.com\\\/\"},{\"@type\":\"ListItem\",\"position\":2,\"name\":\"Grande consultation de la jeunesse de Cessenon\"}]},{\"@type\":\"WebSite\",\"@id\":\"https:\\\/\\\/foyer-rural-cessenon-sur-orb.com\\\/#website\",\"url\":\"https:\\\/\\\/foyer-rural-cessenon-sur-orb.com\\\/\",\"name\":\"Foyer rural de Cessenon-sur-Orb\",\"description\":\"Des activit\u00e9s culturelles et sportives pour enfants et adultes\",\"publisher\":{\"@id\":\"https:\\\/\\\/foyer-rural-cessenon-sur-orb.com\\\/#organization\"},\"potentialAction\":[{\"@type\":\"SearchAction\",\"target\":{\"@type\":\"EntryPoint\",\"urlTemplate\":\"https:\\\/\\\/foyer-rural-cessenon-sur-orb.com\\\/?s={search_term_string}\"},\"query-input\":{\"@type\":\"PropertyValueSpecification\",\"valueRequired\":true,\"valueName\":\"search_term_string\"}}],\"inLanguage\":\"fr-FR\"},{\"@type\":\"Organization\",\"@id\":\"https:\\\/\\\/foyer-rural-cessenon-sur-orb.com\\\/#organization\",\"name\":\"Foyer Rural de Cessenon sur Orb\",\"url\":\"https:\\\/\\\/foyer-rural-cessenon-sur-orb.com\\\/\",\"logo\":{\"@type\":\"ImageObject\",\"inLanguage\":\"fr-FR\",\"@id\":\"https:\\\/\\\/foyer-rural-cessenon-sur-orb.com\\\/#\\\/schema\\\/logo\\\/image\\\/\",\"url\":\"http:\\\/\\\/foyer-rural-cessenon-sur-orb.com\\\/wp-content\\\/uploads\\\/2021\\\/11\\\/234853963_10226775273545354_1373390309901946513_n-e1639922054691.jpg\",\"contentUrl\":\"http:\\\/\\\/foyer-rural-cessenon-sur-orb.com\\\/wp-content\\\/uploads\\\/2021\\\/11\\\/234853963_10226775273545354_1373390309901946513_n-e1639922054691.jpg\",\"width\":822,\"height\":675,\"caption\":\"Foyer Rural de Cessenon sur Orb\"},\"image\":{\"@id\":\"https:\\\/\\\/foyer-rural-cessenon-sur-orb.com\\\/#\\\/schema\\\/logo\\\/image\\\/\"},\"sameAs\":[\"https:\\\/\\\/www.facebook.com\\\/groups\\\/1696123983887036\"]},{\"@type\":\"Person\",\"@id\":\"https:\\\/\\\/foyer-rural-cessenon-sur-orb.com\\\/#\\\/schema\\\/person\\\/ae45c47b6ad339bab7ba9bd75da5ed61\",\"name\":\"Fanny\",\"image\":{\"@type\":\"ImageObject\",\"inLanguage\":\"fr-FR\",\"@id\":\"https:\\\/\\\/secure.gravatar.com\\\/avatar\\\/7ea62597e4e4db6c1d502872a69feb4282332e5f3e77cb02b71b6b74ea2ddd22?s=96&d=mm&r=g\",\"url\":\"https:\\\/\\\/secure.gravatar.com\\\/avatar\\\/7ea62597e4e4db6c1d502872a69feb4282332e5f3e77cb02b71b6b74ea2ddd22?s=96&d=mm&r=g\",\"contentUrl\":\"https:\\\/\\\/secure.gravatar.com\\\/avatar\\\/7ea62597e4e4db6c1d502872a69feb4282332e5f3e77cb02b71b6b74ea2ddd22?s=96&d=mm&r=g\",\"caption\":\"Fanny\"},\"url\":\"https:\\\/\\\/foyer-rural-cessenon-sur-orb.com\\\/index.php\\\/author\\\/fanny\\\/\"}]}<\/script>\n<!-- \/ Yoast SEO plugin. -->","yoast_head_json":{"title":"Grande consultation de la jeunesse de Cessenon - Foyer rural de Cessenon-sur-Orb","robots":{"index":"index","follow":"follow","max-snippet":"max-snippet:-1","max-image-preview":"max-image-preview:large","max-video-preview":"max-video-preview:-1"},"canonical":"https:\/\/foyer-rural-cessenon-sur-orb.com\/index.php\/2022\/03\/05\/grande-consultation-de-la-jeunesse-de-cessenon\/","og_locale":"fr_FR","og_type":"article","og_title":"Grande consultation de la jeunesse de Cessenon - Foyer rural de Cessenon-sur-Orb","og_description":"\u00a0Le Foyer Rural de Cessenon sur Orb souhaite d\u00e9velopper son offre d&rsquo;activit\u00e9s \u00e0 destination des plus jeunes pour la rentr\u00e9e 2022. Pour cela il lance [...]","og_url":"https:\/\/foyer-rural-cessenon-sur-orb.com\/index.php\/2022\/03\/05\/grande-consultation-de-la-jeunesse-de-cessenon\/","og_site_name":"Foyer rural de Cessenon-sur-Orb","article_publisher":"https:\/\/www.facebook.com\/groups\/1696123983887036","article_published_time":"2022-03-05T13:30:35+00:00","article_modified_time":"2022-03-05T20:04:00+00:00","og_image":[{"width":1869,"height":1920,"url":"https:\/\/foyer-rural-cessenon-sur-orb.com\/wp-content\/uploads\/2022\/03\/kids-g8db2d57a5_1920.png","type":"image\/png"}],"author":"Fanny","twitter_card":"summary_large_image","twitter_misc":{"\u00c9crit par":"Fanny","Dur\u00e9e de lecture estim\u00e9e":"1 minute"},"schema":{"@context":"https:\/\/schema.org","@graph":[{"@type":"Article","@id":"https:\/\/foyer-rural-cessenon-sur-orb.com\/index.php\/2022\/03\/05\/grande-consultation-de-la-jeunesse-de-cessenon\/#article","isPartOf":{"@id":"https:\/\/foyer-rural-cessenon-sur-orb.com\/index.php\/2022\/03\/05\/grande-consultation-de-la-jeunesse-de-cessenon\/"},"author":{"name":"Fanny","@id":"https:\/\/foyer-rural-cessenon-sur-orb.com\/#\/schema\/person\/ae45c47b6ad339bab7ba9bd75da5ed61"},"headline":"Grande consultation de la jeunesse de Cessenon","datePublished":"2022-03-05T13:30:35+00:00","dateModified":"2022-03-05T20:04:00+00:00","mainEntityOfPage":{"@id":"https:\/\/foyer-rural-cessenon-sur-orb.com\/index.php\/2022\/03\/05\/grande-consultation-de-la-jeunesse-de-cessenon\/"},"wordCount":132,"commentCount":0,"publisher":{"@id":"https:\/\/foyer-rural-cessenon-sur-orb.com\/#organization"},"inLanguage":"fr-FR","potentialAction":[{"@type":"CommentAction","name":"Comment","target":["https:\/\/foyer-rural-cessenon-sur-orb.com\/index.php\/2022\/03\/05\/grande-consultation-de-la-jeunesse-de-cessenon\/#respond"]}]},{"@type":"WebPage","@id":"https:\/\/foyer-rural-cessenon-sur-orb.com\/index.php\/2022\/03\/05\/grande-consultation-de-la-jeunesse-de-cessenon\/","url":"https:\/\/foyer-rural-cessenon-sur-orb.com\/index.php\/2022\/03\/05\/grande-consultation-de-la-jeunesse-de-cessenon\/","name":"Grande consultation de la jeunesse de Cessenon - Foyer rural de Cessenon-sur-Orb","isPartOf":{"@id":"https:\/\/foyer-rural-cessenon-sur-orb.com\/#website"},"datePublished":"2022-03-05T13:30:35+00:00","dateModified":"2022-03-05T20:04:00+00:00","breadcrumb":{"@id":"https:\/\/foyer-rural-cessenon-sur-orb.com\/index.php\/2022\/03\/05\/grande-consultation-de-la-jeunesse-de-cessenon\/#breadcrumb"},"inLanguage":"fr-FR","potentialAction":[{"@type":"ReadAction","target":["https:\/\/foyer-rural-cessenon-sur-orb.com\/index.php\/2022\/03\/05\/grande-consultation-de-la-jeunesse-de-cessenon\/"]}]},{"@type":"BreadcrumbList","@id":"https:\/\/foyer-rural-cessenon-sur-orb.com\/index.php\/2022\/03\/05\/grande-consultation-de-la-jeunesse-de-cessenon\/#breadcrumb","itemListElement":[{"@type":"ListItem","position":1,"name":"Accueil","item":"https:\/\/foyer-rural-cessenon-sur-orb.com\/"},{"@type":"ListItem","position":2,"name":"Grande consultation de la jeunesse de Cessenon"}]},{"@type":"WebSite","@id":"https:\/\/foyer-rural-cessenon-sur-orb.com\/#website","url":"https:\/\/foyer-rural-cessenon-sur-orb.com\/","name":"Foyer rural de Cessenon-sur-Orb","description":"Des activit\u00e9s culturelles et sportives pour enfants et adultes","publisher":{"@id":"https:\/\/foyer-rural-cessenon-sur-orb.com\/#organization"},"potentialAction":[{"@type":"SearchAction","target":{"@type":"EntryPoint","urlTemplate":"https:\/\/foyer-rural-cessenon-sur-orb.com\/?s={search_term_string}"},"query-input":{"@type":"PropertyValueSpecification","valueRequired":true,"valueName":"search_term_string"}}],"inLanguage":"fr-FR"},{"@type":"Organization","@id":"https:\/\/foyer-rural-cessenon-sur-orb.com\/#organization","name":"Foyer Rural de Cessenon sur Orb","url":"https:\/\/foyer-rural-cessenon-sur-orb.com\/","logo":{"@type":"ImageObject","inLanguage":"fr-FR","@id":"https:\/\/foyer-rural-cessenon-sur-orb.com\/#\/schema\/logo\/image\/","url":"http:\/\/foyer-rural-cessenon-sur-orb.com\/wp-content\/uploads\/2021\/11\/234853963_10226775273545354_1373390309901946513_n-e1639922054691.jpg","contentUrl":"http:\/\/foyer-rural-cessenon-sur-orb.com\/wp-content\/uploads\/2021\/11\/234853963_10226775273545354_1373390309901946513_n-e1639922054691.jpg","width":822,"height":675,"caption":"Foyer Rural de Cessenon sur Orb"},"image":{"@id":"https:\/\/foyer-rural-cessenon-sur-orb.com\/#\/schema\/logo\/image\/"},"sameAs":["https:\/\/www.facebook.com\/groups\/1696123983887036"]},{"@type":"Person","@id":"https:\/\/foyer-rural-cessenon-sur-orb.com\/#\/schema\/person\/ae45c47b6ad339bab7ba9bd75da5ed61","name":"Fanny","image":{"@type":"ImageObject","inLanguage":"fr-FR","@id":"https:\/\/secure.gravatar.com\/avatar\/7ea62597e4e4db6c1d502872a69feb4282332e5f3e77cb02b71b6b74ea2ddd22?s=96&d=mm&r=g","url":"https:\/\/secure.gravatar.com\/avatar\/7ea62597e4e4db6c1d502872a69feb4282332e5f3e77cb02b71b6b74ea2ddd22?s=96&d=mm&r=g","contentUrl":"https:\/\/secure.gravatar.com\/avatar\/7ea62597e4e4db6c1d502872a69feb4282332e5f3e77cb02b71b6b74ea2ddd22?s=96&d=mm&r=g","caption":"Fanny"},"url":"https:\/\/foyer-rural-cessenon-sur-orb.com\/index.php\/author\/fanny\/"}]}},"_links":{"self":[{"href":"https:\/\/foyer-rural-cessenon-sur-orb.com\/index.php\/wp-json\/wp\/v2\/posts\/405","targetHints":{"allow":["GET"]}}],"collection":[{"href":"https:\/\/foyer-rural-cessenon-sur-orb.com\/index.php\/wp-json\/wp\/v2\/posts"}],"about":[{"href":"https:\/\/foyer-rural-cessenon-sur-orb.com\/index.php\/wp-json\/wp\/v2\/types\/post"}],"author":[{"embeddable":true,"href":"https:\/\/foyer-rural-cessenon-sur-orb.com\/index.php\/wp-json\/wp\/v2\/users\/2"}],"replies":[{"embeddable":true,"href":"https:\/\/foyer-rural-cessenon-sur-orb.com\/index.php\/wp-json\/wp\/v2\/comments?post=405"}],"version-history":[{"count":3,"href":"https:\/\/foyer-rural-cessenon-sur-orb.com\/index.php\/wp-json\/wp\/v2\/posts\/405\/revisions"}],"predecessor-version":[{"id":410,"href":"https:\/\/foyer-rural-cessenon-sur-orb.com\/index.php\/wp-json\/wp\/v2\/posts\/405\/revisions\/410"}],"wp:attachment":[{"href":"https:\/\/foyer-rural-cessenon-sur-orb.com\/index.php\/wp-json\/wp\/v2\/media?parent=405"}],"wp:term":[{"taxonomy":"category","embeddable":true,"href":"https:\/\/foyer-rural-cessenon-sur-orb.com\/index.php\/wp-json\/wp\/v2\/categories?post=405"},{"taxonomy":"post_tag","embeddable":true,"href":"https:\/\/foyer-rural-cessenon-sur-orb.com\/index.php\/wp-json\/wp\/v2\/tags?post=405"}],"curies":[{"name":"wp","href":"https:\/\/api.w.org\/{rel}","templated":true}]}}