{"id":360,"date":"2022-02-16T10:35:52","date_gmt":"2022-02-16T09:35:52","guid":{"rendered":"https:\/\/foyer-rural-cessenon-sur-orb.com\/?p=360"},"modified":"2022-02-16T10:35:52","modified_gmt":"2022-02-16T09:35:52","slug":"theatre-musical-a-partir-de-5-ans-et","status":"publish","type":"post","link":"https:\/\/foyer-rural-cessenon-sur-orb.com\/index.php\/2022\/02\/16\/theatre-musical-a-partir-de-5-ans-et\/","title":{"rendered":"Th\u00e9\u00e2tre musical, \u00e0 partir de 5 ans et +"},"content":{"rendered":"<h2>Mercredi 23 F\u00e9vrier \u00e0 la salle des f\u00eates (15h)<\/h2>\n<div dir=\"auto\">Les spectacles du mercredi sont de retour pour les vacances d&rsquo;hiver ! La communaut\u00e9 des communes Sud H\u00e9rault nous propose\u00a0<span class=\"pq6dq46d tbxw36s4 knj5qynh kvgmc6g5 ditlmg2l oygrvhab nvdbi5me sf5mxxl7 gl3lb2sf hhz5lgdu\">mercredi 23 \u00e0 15 h un s<\/span>pectacle entre th\u00e9\u00e2tre et musique, pour nos petits \u00e0 partir de 5 ans .<\/div>\n<p><!--more--><\/p>\n<div dir=\"auto\">Tom Poisson et Fred Pallem cr\u00e9ent un spectacle sensible et po\u00e9tique pour aborder, par la notion d\u2019enfermement, celle de la libert\u00e9. \u00a0 <span class=\"fw_td tarifs\">Tarif unique : 5\u20ac\u00a0\u00a0\u00a0 <\/span><strong>https:\/\/www.lasaison-sudherault.com\/evenement\/cache<\/strong><\/div>\n<p>&nbsp;<\/p>\n<p>&nbsp;<\/p>\n<p>&nbsp;<\/p>\n","protected":false},"excerpt":{"rendered":"<div class=\"mh-excerpt\"><p>Mercredi 23 F\u00e9vrier \u00e0 la salle des f\u00eates (15h) Les spectacles du mercredi sont de retour pour les vacances d&rsquo;hiver ! La communaut\u00e9 des communes <a class=\"mh-excerpt-more\" href=\"https:\/\/foyer-rural-cessenon-sur-orb.com\/index.php\/2022\/02\/16\/theatre-musical-a-partir-de-5-ans-et\/\" title=\"Th\u00e9\u00e2tre musical, \u00e0 partir de 5 ans et +\">[&#8230;]<\/a><\/p>\n<\/div>","protected":false},"author":3,"featured_media":308,"comment_status":"open","ping_status":"open","sticky":false,"template":"","format":"standard","meta":{"footnotes":""},"categories":[1],"tags":[],"class_list":["post-360","post","type-post","status-publish","format-standard","has-post-thumbnail","hentry","category-non-classe"],"yoast_head":"<!-- This site is optimized with the Yoast SEO plugin v27.5 - https:\/\/yoast.com\/product\/yoast-seo-wordpress\/ -->\n<title>Th\u00e9\u00e2tre musical, \u00e0 partir de 5 ans et + - Foyer rural de Cessenon-sur-Orb<\/title>\n<meta name=\"robots\" content=\"index, follow, max-snippet:-1, max-image-preview:large, max-video-preview:-1\" \/>\n<link rel=\"canonical\" href=\"https:\/\/foyer-rural-cessenon-sur-orb.com\/index.php\/2022\/02\/16\/theatre-musical-a-partir-de-5-ans-et\/\" \/>\n<meta property=\"og:locale\" content=\"fr_FR\" \/>\n<meta property=\"og:type\" content=\"article\" \/>\n<meta property=\"og:title\" content=\"Th\u00e9\u00e2tre musical, \u00e0 partir de 5 ans et + - Foyer rural de Cessenon-sur-Orb\" \/>\n<meta property=\"og:description\" content=\"Mercredi 23 F\u00e9vrier \u00e0 la salle des f\u00eates (15h) Les spectacles du mercredi sont de retour pour les vacances d&rsquo;hiver ! La communaut\u00e9 des communes [...]\" \/>\n<meta property=\"og:url\" content=\"https:\/\/foyer-rural-cessenon-sur-orb.com\/index.php\/2022\/02\/16\/theatre-musical-a-partir-de-5-ans-et\/\" \/>\n<meta property=\"og:site_name\" content=\"Foyer rural de Cessenon-sur-Orb\" \/>\n<meta property=\"article:publisher\" content=\"https:\/\/www.facebook.com\/groups\/1696123983887036\" \/>\n<meta property=\"article:published_time\" content=\"2022-02-16T09:35:52+00:00\" \/>\n<meta property=\"og:image\" content=\"https:\/\/foyer-rural-cessenon-sur-orb.com\/wp-content\/uploads\/2021\/11\/logo-cessenon-2.png\" \/>\n\t<meta property=\"og:image:width\" content=\"434\" \/>\n\t<meta property=\"og:image:height\" content=\"362\" \/>\n\t<meta property=\"og:image:type\" content=\"image\/png\" \/>\n<meta name=\"author\" content=\"Brigitte Lejeune\" \/>\n<meta name=\"twitter:card\" content=\"summary_large_image\" \/>\n<meta name=\"twitter:label1\" content=\"\u00c9crit par\" \/>\n\t<meta name=\"twitter:data1\" content=\"Brigitte Lejeune\" \/>\n\t<meta name=\"twitter:label2\" content=\"Dur\u00e9e de lecture estim\u00e9e\" \/>\n\t<meta name=\"twitter:data2\" content=\"1 minute\" \/>\n<script type=\"application\/ld+json\" class=\"yoast-schema-graph\">{\"@context\":\"https:\\\/\\\/schema.org\",\"@graph\":[{\"@type\":\"Article\",\"@id\":\"https:\\\/\\\/foyer-rural-cessenon-sur-orb.com\\\/index.php\\\/2022\\\/02\\\/16\\\/theatre-musical-a-partir-de-5-ans-et\\\/#article\",\"isPartOf\":{\"@id\":\"https:\\\/\\\/foyer-rural-cessenon-sur-orb.com\\\/index.php\\\/2022\\\/02\\\/16\\\/theatre-musical-a-partir-de-5-ans-et\\\/\"},\"author\":{\"name\":\"Brigitte Lejeune\",\"@id\":\"https:\\\/\\\/foyer-rural-cessenon-sur-orb.com\\\/#\\\/schema\\\/person\\\/ea69c6a0c88181501ba553c91480cf3b\"},\"headline\":\"Th\u00e9\u00e2tre musical, \u00e0 partir de 5 ans et +\",\"datePublished\":\"2022-02-16T09:35:52+00:00\",\"mainEntityOfPage\":{\"@id\":\"https:\\\/\\\/foyer-rural-cessenon-sur-orb.com\\\/index.php\\\/2022\\\/02\\\/16\\\/theatre-musical-a-partir-de-5-ans-et\\\/\"},\"wordCount\":87,\"commentCount\":0,\"publisher\":{\"@id\":\"https:\\\/\\\/foyer-rural-cessenon-sur-orb.com\\\/#organization\"},\"image\":{\"@id\":\"https:\\\/\\\/foyer-rural-cessenon-sur-orb.com\\\/index.php\\\/2022\\\/02\\\/16\\\/theatre-musical-a-partir-de-5-ans-et\\\/#primaryimage\"},\"thumbnailUrl\":\"https:\\\/\\\/foyer-rural-cessenon-sur-orb.com\\\/wp-content\\\/uploads\\\/2021\\\/11\\\/logo-cessenon-2.png\",\"inLanguage\":\"fr-FR\",\"potentialAction\":[{\"@type\":\"CommentAction\",\"name\":\"Comment\",\"target\":[\"https:\\\/\\\/foyer-rural-cessenon-sur-orb.com\\\/index.php\\\/2022\\\/02\\\/16\\\/theatre-musical-a-partir-de-5-ans-et\\\/#respond\"]}]},{\"@type\":\"WebPage\",\"@id\":\"https:\\\/\\\/foyer-rural-cessenon-sur-orb.com\\\/index.php\\\/2022\\\/02\\\/16\\\/theatre-musical-a-partir-de-5-ans-et\\\/\",\"url\":\"https:\\\/\\\/foyer-rural-cessenon-sur-orb.com\\\/index.php\\\/2022\\\/02\\\/16\\\/theatre-musical-a-partir-de-5-ans-et\\\/\",\"name\":\"Th\u00e9\u00e2tre musical, \u00e0 partir de 5 ans et + - Foyer rural de Cessenon-sur-Orb\",\"isPartOf\":{\"@id\":\"https:\\\/\\\/foyer-rural-cessenon-sur-orb.com\\\/#website\"},\"primaryImageOfPage\":{\"@id\":\"https:\\\/\\\/foyer-rural-cessenon-sur-orb.com\\\/index.php\\\/2022\\\/02\\\/16\\\/theatre-musical-a-partir-de-5-ans-et\\\/#primaryimage\"},\"image\":{\"@id\":\"https:\\\/\\\/foyer-rural-cessenon-sur-orb.com\\\/index.php\\\/2022\\\/02\\\/16\\\/theatre-musical-a-partir-de-5-ans-et\\\/#primaryimage\"},\"thumbnailUrl\":\"https:\\\/\\\/foyer-rural-cessenon-sur-orb.com\\\/wp-content\\\/uploads\\\/2021\\\/11\\\/logo-cessenon-2.png\",\"datePublished\":\"2022-02-16T09:35:52+00:00\",\"breadcrumb\":{\"@id\":\"https:\\\/\\\/foyer-rural-cessenon-sur-orb.com\\\/index.php\\\/2022\\\/02\\\/16\\\/theatre-musical-a-partir-de-5-ans-et\\\/#breadcrumb\"},\"inLanguage\":\"fr-FR\",\"potentialAction\":[{\"@type\":\"ReadAction\",\"target\":[\"https:\\\/\\\/foyer-rural-cessenon-sur-orb.com\\\/index.php\\\/2022\\\/02\\\/16\\\/theatre-musical-a-partir-de-5-ans-et\\\/\"]}]},{\"@type\":\"ImageObject\",\"inLanguage\":\"fr-FR\",\"@id\":\"https:\\\/\\\/foyer-rural-cessenon-sur-orb.com\\\/index.php\\\/2022\\\/02\\\/16\\\/theatre-musical-a-partir-de-5-ans-et\\\/#primaryimage\",\"url\":\"https:\\\/\\\/foyer-rural-cessenon-sur-orb.com\\\/wp-content\\\/uploads\\\/2021\\\/11\\\/logo-cessenon-2.png\",\"contentUrl\":\"https:\\\/\\\/foyer-rural-cessenon-sur-orb.com\\\/wp-content\\\/uploads\\\/2021\\\/11\\\/logo-cessenon-2.png\",\"width\":434,\"height\":362},{\"@type\":\"BreadcrumbList\",\"@id\":\"https:\\\/\\\/foyer-rural-cessenon-sur-orb.com\\\/index.php\\\/2022\\\/02\\\/16\\\/theatre-musical-a-partir-de-5-ans-et\\\/#breadcrumb\",\"itemListElement\":[{\"@type\":\"ListItem\",\"position\":1,\"name\":\"Accueil\",\"item\":\"https:\\\/\\\/foyer-rural-cessenon-sur-orb.com\\\/\"},{\"@type\":\"ListItem\",\"position\":2,\"name\":\"Th\u00e9\u00e2tre musical, \u00e0 partir de 5 ans et +\"}]},{\"@type\":\"WebSite\",\"@id\":\"https:\\\/\\\/foyer-rural-cessenon-sur-orb.com\\\/#website\",\"url\":\"https:\\\/\\\/foyer-rural-cessenon-sur-orb.com\\\/\",\"name\":\"Foyer rural de Cessenon-sur-Orb\",\"description\":\"Des activit\u00e9s culturelles et sportives pour enfants et adultes\",\"publisher\":{\"@id\":\"https:\\\/\\\/foyer-rural-cessenon-sur-orb.com\\\/#organization\"},\"potentialAction\":[{\"@type\":\"SearchAction\",\"target\":{\"@type\":\"EntryPoint\",\"urlTemplate\":\"https:\\\/\\\/foyer-rural-cessenon-sur-orb.com\\\/?s={search_term_string}\"},\"query-input\":{\"@type\":\"PropertyValueSpecification\",\"valueRequired\":true,\"valueName\":\"search_term_string\"}}],\"inLanguage\":\"fr-FR\"},{\"@type\":\"Organization\",\"@id\":\"https:\\\/\\\/foyer-rural-cessenon-sur-orb.com\\\/#organization\",\"name\":\"Foyer Rural de Cessenon sur Orb\",\"url\":\"https:\\\/\\\/foyer-rural-cessenon-sur-orb.com\\\/\",\"logo\":{\"@type\":\"ImageObject\",\"inLanguage\":\"fr-FR\",\"@id\":\"https:\\\/\\\/foyer-rural-cessenon-sur-orb.com\\\/#\\\/schema\\\/logo\\\/image\\\/\",\"url\":\"http:\\\/\\\/foyer-rural-cessenon-sur-orb.com\\\/wp-content\\\/uploads\\\/2021\\\/11\\\/234853963_10226775273545354_1373390309901946513_n-e1639922054691.jpg\",\"contentUrl\":\"http:\\\/\\\/foyer-rural-cessenon-sur-orb.com\\\/wp-content\\\/uploads\\\/2021\\\/11\\\/234853963_10226775273545354_1373390309901946513_n-e1639922054691.jpg\",\"width\":822,\"height\":675,\"caption\":\"Foyer Rural de Cessenon sur Orb\"},\"image\":{\"@id\":\"https:\\\/\\\/foyer-rural-cessenon-sur-orb.com\\\/#\\\/schema\\\/logo\\\/image\\\/\"},\"sameAs\":[\"https:\\\/\\\/www.facebook.com\\\/groups\\\/1696123983887036\"]},{\"@type\":\"Person\",\"@id\":\"https:\\\/\\\/foyer-rural-cessenon-sur-orb.com\\\/#\\\/schema\\\/person\\\/ea69c6a0c88181501ba553c91480cf3b\",\"name\":\"Brigitte Lejeune\",\"image\":{\"@type\":\"ImageObject\",\"inLanguage\":\"fr-FR\",\"@id\":\"https:\\\/\\\/secure.gravatar.com\\\/avatar\\\/9b37cfb5b9abedda7062922a3dc1a6f6d7cb2a0669b97752480c18af3a669eda?s=96&d=mm&r=g\",\"url\":\"https:\\\/\\\/secure.gravatar.com\\\/avatar\\\/9b37cfb5b9abedda7062922a3dc1a6f6d7cb2a0669b97752480c18af3a669eda?s=96&d=mm&r=g\",\"contentUrl\":\"https:\\\/\\\/secure.gravatar.com\\\/avatar\\\/9b37cfb5b9abedda7062922a3dc1a6f6d7cb2a0669b97752480c18af3a669eda?s=96&d=mm&r=g\",\"caption\":\"Brigitte Lejeune\"},\"url\":\"https:\\\/\\\/foyer-rural-cessenon-sur-orb.com\\\/index.php\\\/author\\\/brigitte\\\/\"}]}<\/script>\n<!-- \/ Yoast SEO plugin. -->","yoast_head_json":{"title":"Th\u00e9\u00e2tre musical, \u00e0 partir de 5 ans et + - Foyer rural de Cessenon-sur-Orb","robots":{"index":"index","follow":"follow","max-snippet":"max-snippet:-1","max-image-preview":"max-image-preview:large","max-video-preview":"max-video-preview:-1"},"canonical":"https:\/\/foyer-rural-cessenon-sur-orb.com\/index.php\/2022\/02\/16\/theatre-musical-a-partir-de-5-ans-et\/","og_locale":"fr_FR","og_type":"article","og_title":"Th\u00e9\u00e2tre musical, \u00e0 partir de 5 ans et + - Foyer rural de Cessenon-sur-Orb","og_description":"Mercredi 23 F\u00e9vrier \u00e0 la salle des f\u00eates (15h) Les spectacles du mercredi sont de retour pour les vacances d&rsquo;hiver ! La communaut\u00e9 des communes [...]","og_url":"https:\/\/foyer-rural-cessenon-sur-orb.com\/index.php\/2022\/02\/16\/theatre-musical-a-partir-de-5-ans-et\/","og_site_name":"Foyer rural de Cessenon-sur-Orb","article_publisher":"https:\/\/www.facebook.com\/groups\/1696123983887036","article_published_time":"2022-02-16T09:35:52+00:00","og_image":[{"width":434,"height":362,"url":"https:\/\/foyer-rural-cessenon-sur-orb.com\/wp-content\/uploads\/2021\/11\/logo-cessenon-2.png","type":"image\/png"}],"author":"Brigitte Lejeune","twitter_card":"summary_large_image","twitter_misc":{"\u00c9crit par":"Brigitte Lejeune","Dur\u00e9e de lecture estim\u00e9e":"1 minute"},"schema":{"@context":"https:\/\/schema.org","@graph":[{"@type":"Article","@id":"https:\/\/foyer-rural-cessenon-sur-orb.com\/index.php\/2022\/02\/16\/theatre-musical-a-partir-de-5-ans-et\/#article","isPartOf":{"@id":"https:\/\/foyer-rural-cessenon-sur-orb.com\/index.php\/2022\/02\/16\/theatre-musical-a-partir-de-5-ans-et\/"},"author":{"name":"Brigitte Lejeune","@id":"https:\/\/foyer-rural-cessenon-sur-orb.com\/#\/schema\/person\/ea69c6a0c88181501ba553c91480cf3b"},"headline":"Th\u00e9\u00e2tre musical, \u00e0 partir de 5 ans et +","datePublished":"2022-02-16T09:35:52+00:00","mainEntityOfPage":{"@id":"https:\/\/foyer-rural-cessenon-sur-orb.com\/index.php\/2022\/02\/16\/theatre-musical-a-partir-de-5-ans-et\/"},"wordCount":87,"commentCount":0,"publisher":{"@id":"https:\/\/foyer-rural-cessenon-sur-orb.com\/#organization"},"image":{"@id":"https:\/\/foyer-rural-cessenon-sur-orb.com\/index.php\/2022\/02\/16\/theatre-musical-a-partir-de-5-ans-et\/#primaryimage"},"thumbnailUrl":"https:\/\/foyer-rural-cessenon-sur-orb.com\/wp-content\/uploads\/2021\/11\/logo-cessenon-2.png","inLanguage":"fr-FR","potentialAction":[{"@type":"CommentAction","name":"Comment","target":["https:\/\/foyer-rural-cessenon-sur-orb.com\/index.php\/2022\/02\/16\/theatre-musical-a-partir-de-5-ans-et\/#respond"]}]},{"@type":"WebPage","@id":"https:\/\/foyer-rural-cessenon-sur-orb.com\/index.php\/2022\/02\/16\/theatre-musical-a-partir-de-5-ans-et\/","url":"https:\/\/foyer-rural-cessenon-sur-orb.com\/index.php\/2022\/02\/16\/theatre-musical-a-partir-de-5-ans-et\/","name":"Th\u00e9\u00e2tre musical, \u00e0 partir de 5 ans et + - Foyer rural de Cessenon-sur-Orb","isPartOf":{"@id":"https:\/\/foyer-rural-cessenon-sur-orb.com\/#website"},"primaryImageOfPage":{"@id":"https:\/\/foyer-rural-cessenon-sur-orb.com\/index.php\/2022\/02\/16\/theatre-musical-a-partir-de-5-ans-et\/#primaryimage"},"image":{"@id":"https:\/\/foyer-rural-cessenon-sur-orb.com\/index.php\/2022\/02\/16\/theatre-musical-a-partir-de-5-ans-et\/#primaryimage"},"thumbnailUrl":"https:\/\/foyer-rural-cessenon-sur-orb.com\/wp-content\/uploads\/2021\/11\/logo-cessenon-2.png","datePublished":"2022-02-16T09:35:52+00:00","breadcrumb":{"@id":"https:\/\/foyer-rural-cessenon-sur-orb.com\/index.php\/2022\/02\/16\/theatre-musical-a-partir-de-5-ans-et\/#breadcrumb"},"inLanguage":"fr-FR","potentialAction":[{"@type":"ReadAction","target":["https:\/\/foyer-rural-cessenon-sur-orb.com\/index.php\/2022\/02\/16\/theatre-musical-a-partir-de-5-ans-et\/"]}]},{"@type":"ImageObject","inLanguage":"fr-FR","@id":"https:\/\/foyer-rural-cessenon-sur-orb.com\/index.php\/2022\/02\/16\/theatre-musical-a-partir-de-5-ans-et\/#primaryimage","url":"https:\/\/foyer-rural-cessenon-sur-orb.com\/wp-content\/uploads\/2021\/11\/logo-cessenon-2.png","contentUrl":"https:\/\/foyer-rural-cessenon-sur-orb.com\/wp-content\/uploads\/2021\/11\/logo-cessenon-2.png","width":434,"height":362},{"@type":"BreadcrumbList","@id":"https:\/\/foyer-rural-cessenon-sur-orb.com\/index.php\/2022\/02\/16\/theatre-musical-a-partir-de-5-ans-et\/#breadcrumb","itemListElement":[{"@type":"ListItem","position":1,"name":"Accueil","item":"https:\/\/foyer-rural-cessenon-sur-orb.com\/"},{"@type":"ListItem","position":2,"name":"Th\u00e9\u00e2tre musical, \u00e0 partir de 5 ans et +"}]},{"@type":"WebSite","@id":"https:\/\/foyer-rural-cessenon-sur-orb.com\/#website","url":"https:\/\/foyer-rural-cessenon-sur-orb.com\/","name":"Foyer rural de Cessenon-sur-Orb","description":"Des activit\u00e9s culturelles et sportives pour enfants et adultes","publisher":{"@id":"https:\/\/foyer-rural-cessenon-sur-orb.com\/#organization"},"potentialAction":[{"@type":"SearchAction","target":{"@type":"EntryPoint","urlTemplate":"https:\/\/foyer-rural-cessenon-sur-orb.com\/?s={search_term_string}"},"query-input":{"@type":"PropertyValueSpecification","valueRequired":true,"valueName":"search_term_string"}}],"inLanguage":"fr-FR"},{"@type":"Organization","@id":"https:\/\/foyer-rural-cessenon-sur-orb.com\/#organization","name":"Foyer Rural de Cessenon sur Orb","url":"https:\/\/foyer-rural-cessenon-sur-orb.com\/","logo":{"@type":"ImageObject","inLanguage":"fr-FR","@id":"https:\/\/foyer-rural-cessenon-sur-orb.com\/#\/schema\/logo\/image\/","url":"http:\/\/foyer-rural-cessenon-sur-orb.com\/wp-content\/uploads\/2021\/11\/234853963_10226775273545354_1373390309901946513_n-e1639922054691.jpg","contentUrl":"http:\/\/foyer-rural-cessenon-sur-orb.com\/wp-content\/uploads\/2021\/11\/234853963_10226775273545354_1373390309901946513_n-e1639922054691.jpg","width":822,"height":675,"caption":"Foyer Rural de Cessenon sur Orb"},"image":{"@id":"https:\/\/foyer-rural-cessenon-sur-orb.com\/#\/schema\/logo\/image\/"},"sameAs":["https:\/\/www.facebook.com\/groups\/1696123983887036"]},{"@type":"Person","@id":"https:\/\/foyer-rural-cessenon-sur-orb.com\/#\/schema\/person\/ea69c6a0c88181501ba553c91480cf3b","name":"Brigitte Lejeune","image":{"@type":"ImageObject","inLanguage":"fr-FR","@id":"https:\/\/secure.gravatar.com\/avatar\/9b37cfb5b9abedda7062922a3dc1a6f6d7cb2a0669b97752480c18af3a669eda?s=96&d=mm&r=g","url":"https:\/\/secure.gravatar.com\/avatar\/9b37cfb5b9abedda7062922a3dc1a6f6d7cb2a0669b97752480c18af3a669eda?s=96&d=mm&r=g","contentUrl":"https:\/\/secure.gravatar.com\/avatar\/9b37cfb5b9abedda7062922a3dc1a6f6d7cb2a0669b97752480c18af3a669eda?s=96&d=mm&r=g","caption":"Brigitte Lejeune"},"url":"https:\/\/foyer-rural-cessenon-sur-orb.com\/index.php\/author\/brigitte\/"}]}},"_links":{"self":[{"href":"https:\/\/foyer-rural-cessenon-sur-orb.com\/index.php\/wp-json\/wp\/v2\/posts\/360","targetHints":{"allow":["GET"]}}],"collection":[{"href":"https:\/\/foyer-rural-cessenon-sur-orb.com\/index.php\/wp-json\/wp\/v2\/posts"}],"about":[{"href":"https:\/\/foyer-rural-cessenon-sur-orb.com\/index.php\/wp-json\/wp\/v2\/types\/post"}],"author":[{"embeddable":true,"href":"https:\/\/foyer-rural-cessenon-sur-orb.com\/index.php\/wp-json\/wp\/v2\/users\/3"}],"replies":[{"embeddable":true,"href":"https:\/\/foyer-rural-cessenon-sur-orb.com\/index.php\/wp-json\/wp\/v2\/comments?post=360"}],"version-history":[{"count":3,"href":"https:\/\/foyer-rural-cessenon-sur-orb.com\/index.php\/wp-json\/wp\/v2\/posts\/360\/revisions"}],"predecessor-version":[{"id":363,"href":"https:\/\/foyer-rural-cessenon-sur-orb.com\/index.php\/wp-json\/wp\/v2\/posts\/360\/revisions\/363"}],"wp:featuredmedia":[{"embeddable":true,"href":"https:\/\/foyer-rural-cessenon-sur-orb.com\/index.php\/wp-json\/wp\/v2\/media\/308"}],"wp:attachment":[{"href":"https:\/\/foyer-rural-cessenon-sur-orb.com\/index.php\/wp-json\/wp\/v2\/media?parent=360"}],"wp:term":[{"taxonomy":"category","embeddable":true,"href":"https:\/\/foyer-rural-cessenon-sur-orb.com\/index.php\/wp-json\/wp\/v2\/categories?post=360"},{"taxonomy":"post_tag","embeddable":true,"href":"https:\/\/foyer-rural-cessenon-sur-orb.com\/index.php\/wp-json\/wp\/v2\/tags?post=360"}],"curies":[{"name":"wp","href":"https:\/\/api.w.org\/{rel}","templated":true}]}}