{"id":288,"date":"2022-01-19T10:00:41","date_gmt":"2022-01-19T09:00:41","guid":{"rendered":"https:\/\/foyer-rural-cessenon-sur-orb.com\/?p=288"},"modified":"2022-01-24T10:55:35","modified_gmt":"2022-01-24T09:55:35","slug":"pour-info-la-maison-des-adolescents-de-lherault","status":"publish","type":"post","link":"https:\/\/foyer-rural-cessenon-sur-orb.com\/index.php\/2022\/01\/19\/pour-info-la-maison-des-adolescents-de-lherault\/","title":{"rendered":"Pour info : La Maison des Adolescents de l&rsquo;H\u00e9rault"},"content":{"rendered":"<p>La Maison des Adolescents de l&rsquo;H\u00e9rault (MDA34) est un dispositif d\u2019accueil, d&rsquo;\u00e9coute et d\u2019accompagnement pour\u00a0 les adolescents du d\u00e9partement. D&rsquo;un acc\u00e8s libre et gratuit, l&rsquo;accueil est possible sans rendez vous pour les jeunes, et avec rendez-vous pour les parents et les professionnels, du lundi au vendredi de 13h \u00e0 18h \u00e0 B\u00e9ziers ou Montpellier.<\/p>\n<p>Une permanence le lundi existe aussi sur B\u00e9darieux. Sa principale mission est de \u00ab prendre soin \u00bb des adolescents et de leur sant\u00e9 dans sa globalit\u00e9.<\/p>\n<p>L\u2019\u00e9quipe des accueillants &#8211; \u00e9coutants propose \u00e9coute, information, orientation, prise en charge m\u00e9dicale et psychologique, accompagnement \u00e9ducatif et social, en respectant anonymat et confidentialit\u00e9.<\/p>\n<p>Pour plus d&rsquo;informations : <a href=\"https:\/\/www.mda34.org\/\">https:\/\/www.mda34.org\/<\/a><\/p>\n","protected":false},"excerpt":{"rendered":"<div class=\"mh-excerpt\"><p>La Maison des Adolescents de l&rsquo;H\u00e9rault (MDA34) est un dispositif d\u2019accueil, d&rsquo;\u00e9coute et d\u2019accompagnement pour\u00a0 les adolescents du d\u00e9partement. D&rsquo;un acc\u00e8s libre et gratuit, l&rsquo;accueil <a class=\"mh-excerpt-more\" href=\"https:\/\/foyer-rural-cessenon-sur-orb.com\/index.php\/2022\/01\/19\/pour-info-la-maison-des-adolescents-de-lherault\/\" title=\"Pour info : La Maison des Adolescents de l&rsquo;H\u00e9rault\">[&#8230;]<\/a><\/p>\n<\/div>","protected":false},"author":2,"featured_media":0,"comment_status":"open","ping_status":"open","sticky":false,"template":"","format":"standard","meta":{"footnotes":""},"categories":[1],"tags":[],"class_list":["post-288","post","type-post","status-publish","format-standard","hentry","category-non-classe"],"yoast_head":"<!-- This site is optimized with the Yoast SEO plugin v27.5 - https:\/\/yoast.com\/product\/yoast-seo-wordpress\/ -->\n<title>Pour info : La Maison des Adolescents de l&#039;H\u00e9rault - Foyer rural de Cessenon-sur-Orb<\/title>\n<meta name=\"robots\" content=\"index, follow, max-snippet:-1, max-image-preview:large, max-video-preview:-1\" \/>\n<link rel=\"canonical\" href=\"https:\/\/foyer-rural-cessenon-sur-orb.com\/index.php\/2022\/01\/19\/pour-info-la-maison-des-adolescents-de-lherault\/\" \/>\n<meta property=\"og:locale\" content=\"fr_FR\" \/>\n<meta property=\"og:type\" content=\"article\" \/>\n<meta property=\"og:title\" content=\"Pour info : La Maison des Adolescents de l&#039;H\u00e9rault - Foyer rural de Cessenon-sur-Orb\" \/>\n<meta property=\"og:description\" content=\"La Maison des Adolescents de l&rsquo;H\u00e9rault (MDA34) est un dispositif d\u2019accueil, d&rsquo;\u00e9coute et d\u2019accompagnement pour\u00a0 les adolescents du d\u00e9partement. D&rsquo;un acc\u00e8s libre et gratuit, l&rsquo;accueil [...]\" \/>\n<meta property=\"og:url\" content=\"https:\/\/foyer-rural-cessenon-sur-orb.com\/index.php\/2022\/01\/19\/pour-info-la-maison-des-adolescents-de-lherault\/\" \/>\n<meta property=\"og:site_name\" content=\"Foyer rural de Cessenon-sur-Orb\" \/>\n<meta property=\"article:publisher\" content=\"https:\/\/www.facebook.com\/groups\/1696123983887036\" \/>\n<meta property=\"article:published_time\" content=\"2022-01-19T09:00:41+00:00\" \/>\n<meta property=\"article:modified_time\" content=\"2022-01-24T09:55:35+00:00\" \/>\n<meta property=\"og:image\" content=\"https:\/\/foyer-rural-cessenon-sur-orb.com\/wp-content\/uploads\/2022\/01\/help-gc4d8ba1e1_1920.jpg\" \/>\n\t<meta property=\"og:image:width\" content=\"1920\" \/>\n\t<meta property=\"og:image:height\" content=\"1357\" \/>\n\t<meta property=\"og:image:type\" content=\"image\/jpeg\" \/>\n<meta name=\"author\" content=\"Fanny\" \/>\n<meta name=\"twitter:card\" content=\"summary_large_image\" \/>\n<meta name=\"twitter:label1\" content=\"\u00c9crit par\" \/>\n\t<meta name=\"twitter:data1\" content=\"Fanny\" \/>\n\t<meta name=\"twitter:label2\" content=\"Dur\u00e9e de lecture estim\u00e9e\" \/>\n\t<meta name=\"twitter:data2\" content=\"1 minute\" \/>\n<script type=\"application\/ld+json\" class=\"yoast-schema-graph\">{\"@context\":\"https:\\\/\\\/schema.org\",\"@graph\":[{\"@type\":\"Article\",\"@id\":\"https:\\\/\\\/foyer-rural-cessenon-sur-orb.com\\\/index.php\\\/2022\\\/01\\\/19\\\/pour-info-la-maison-des-adolescents-de-lherault\\\/#article\",\"isPartOf\":{\"@id\":\"https:\\\/\\\/foyer-rural-cessenon-sur-orb.com\\\/index.php\\\/2022\\\/01\\\/19\\\/pour-info-la-maison-des-adolescents-de-lherault\\\/\"},\"author\":{\"name\":\"Fanny\",\"@id\":\"https:\\\/\\\/foyer-rural-cessenon-sur-orb.com\\\/#\\\/schema\\\/person\\\/ae45c47b6ad339bab7ba9bd75da5ed61\"},\"headline\":\"Pour info : La Maison des Adolescents de l&rsquo;H\u00e9rault\",\"datePublished\":\"2022-01-19T09:00:41+00:00\",\"dateModified\":\"2022-01-24T09:55:35+00:00\",\"mainEntityOfPage\":{\"@id\":\"https:\\\/\\\/foyer-rural-cessenon-sur-orb.com\\\/index.php\\\/2022\\\/01\\\/19\\\/pour-info-la-maison-des-adolescents-de-lherault\\\/\"},\"wordCount\":131,\"commentCount\":0,\"publisher\":{\"@id\":\"https:\\\/\\\/foyer-rural-cessenon-sur-orb.com\\\/#organization\"},\"inLanguage\":\"fr-FR\",\"potentialAction\":[{\"@type\":\"CommentAction\",\"name\":\"Comment\",\"target\":[\"https:\\\/\\\/foyer-rural-cessenon-sur-orb.com\\\/index.php\\\/2022\\\/01\\\/19\\\/pour-info-la-maison-des-adolescents-de-lherault\\\/#respond\"]}]},{\"@type\":\"WebPage\",\"@id\":\"https:\\\/\\\/foyer-rural-cessenon-sur-orb.com\\\/index.php\\\/2022\\\/01\\\/19\\\/pour-info-la-maison-des-adolescents-de-lherault\\\/\",\"url\":\"https:\\\/\\\/foyer-rural-cessenon-sur-orb.com\\\/index.php\\\/2022\\\/01\\\/19\\\/pour-info-la-maison-des-adolescents-de-lherault\\\/\",\"name\":\"Pour info : La Maison des Adolescents de l'H\u00e9rault - Foyer rural de Cessenon-sur-Orb\",\"isPartOf\":{\"@id\":\"https:\\\/\\\/foyer-rural-cessenon-sur-orb.com\\\/#website\"},\"datePublished\":\"2022-01-19T09:00:41+00:00\",\"dateModified\":\"2022-01-24T09:55:35+00:00\",\"breadcrumb\":{\"@id\":\"https:\\\/\\\/foyer-rural-cessenon-sur-orb.com\\\/index.php\\\/2022\\\/01\\\/19\\\/pour-info-la-maison-des-adolescents-de-lherault\\\/#breadcrumb\"},\"inLanguage\":\"fr-FR\",\"potentialAction\":[{\"@type\":\"ReadAction\",\"target\":[\"https:\\\/\\\/foyer-rural-cessenon-sur-orb.com\\\/index.php\\\/2022\\\/01\\\/19\\\/pour-info-la-maison-des-adolescents-de-lherault\\\/\"]}]},{\"@type\":\"BreadcrumbList\",\"@id\":\"https:\\\/\\\/foyer-rural-cessenon-sur-orb.com\\\/index.php\\\/2022\\\/01\\\/19\\\/pour-info-la-maison-des-adolescents-de-lherault\\\/#breadcrumb\",\"itemListElement\":[{\"@type\":\"ListItem\",\"position\":1,\"name\":\"Accueil\",\"item\":\"https:\\\/\\\/foyer-rural-cessenon-sur-orb.com\\\/\"},{\"@type\":\"ListItem\",\"position\":2,\"name\":\"Pour info : La Maison des Adolescents de l&#8217;H\u00e9rault\"}]},{\"@type\":\"WebSite\",\"@id\":\"https:\\\/\\\/foyer-rural-cessenon-sur-orb.com\\\/#website\",\"url\":\"https:\\\/\\\/foyer-rural-cessenon-sur-orb.com\\\/\",\"name\":\"Foyer rural de Cessenon-sur-Orb\",\"description\":\"Des activit\u00e9s culturelles et sportives pour enfants et adultes\",\"publisher\":{\"@id\":\"https:\\\/\\\/foyer-rural-cessenon-sur-orb.com\\\/#organization\"},\"potentialAction\":[{\"@type\":\"SearchAction\",\"target\":{\"@type\":\"EntryPoint\",\"urlTemplate\":\"https:\\\/\\\/foyer-rural-cessenon-sur-orb.com\\\/?s={search_term_string}\"},\"query-input\":{\"@type\":\"PropertyValueSpecification\",\"valueRequired\":true,\"valueName\":\"search_term_string\"}}],\"inLanguage\":\"fr-FR\"},{\"@type\":\"Organization\",\"@id\":\"https:\\\/\\\/foyer-rural-cessenon-sur-orb.com\\\/#organization\",\"name\":\"Foyer Rural de Cessenon sur Orb\",\"url\":\"https:\\\/\\\/foyer-rural-cessenon-sur-orb.com\\\/\",\"logo\":{\"@type\":\"ImageObject\",\"inLanguage\":\"fr-FR\",\"@id\":\"https:\\\/\\\/foyer-rural-cessenon-sur-orb.com\\\/#\\\/schema\\\/logo\\\/image\\\/\",\"url\":\"http:\\\/\\\/foyer-rural-cessenon-sur-orb.com\\\/wp-content\\\/uploads\\\/2021\\\/11\\\/234853963_10226775273545354_1373390309901946513_n-e1639922054691.jpg\",\"contentUrl\":\"http:\\\/\\\/foyer-rural-cessenon-sur-orb.com\\\/wp-content\\\/uploads\\\/2021\\\/11\\\/234853963_10226775273545354_1373390309901946513_n-e1639922054691.jpg\",\"width\":822,\"height\":675,\"caption\":\"Foyer Rural de Cessenon sur Orb\"},\"image\":{\"@id\":\"https:\\\/\\\/foyer-rural-cessenon-sur-orb.com\\\/#\\\/schema\\\/logo\\\/image\\\/\"},\"sameAs\":[\"https:\\\/\\\/www.facebook.com\\\/groups\\\/1696123983887036\"]},{\"@type\":\"Person\",\"@id\":\"https:\\\/\\\/foyer-rural-cessenon-sur-orb.com\\\/#\\\/schema\\\/person\\\/ae45c47b6ad339bab7ba9bd75da5ed61\",\"name\":\"Fanny\",\"image\":{\"@type\":\"ImageObject\",\"inLanguage\":\"fr-FR\",\"@id\":\"https:\\\/\\\/secure.gravatar.com\\\/avatar\\\/7ea62597e4e4db6c1d502872a69feb4282332e5f3e77cb02b71b6b74ea2ddd22?s=96&d=mm&r=g\",\"url\":\"https:\\\/\\\/secure.gravatar.com\\\/avatar\\\/7ea62597e4e4db6c1d502872a69feb4282332e5f3e77cb02b71b6b74ea2ddd22?s=96&d=mm&r=g\",\"contentUrl\":\"https:\\\/\\\/secure.gravatar.com\\\/avatar\\\/7ea62597e4e4db6c1d502872a69feb4282332e5f3e77cb02b71b6b74ea2ddd22?s=96&d=mm&r=g\",\"caption\":\"Fanny\"},\"url\":\"https:\\\/\\\/foyer-rural-cessenon-sur-orb.com\\\/index.php\\\/author\\\/fanny\\\/\"}]}<\/script>\n<!-- \/ Yoast SEO plugin. -->","yoast_head_json":{"title":"Pour info : La Maison des Adolescents de l'H\u00e9rault - Foyer rural de Cessenon-sur-Orb","robots":{"index":"index","follow":"follow","max-snippet":"max-snippet:-1","max-image-preview":"max-image-preview:large","max-video-preview":"max-video-preview:-1"},"canonical":"https:\/\/foyer-rural-cessenon-sur-orb.com\/index.php\/2022\/01\/19\/pour-info-la-maison-des-adolescents-de-lherault\/","og_locale":"fr_FR","og_type":"article","og_title":"Pour info : La Maison des Adolescents de l'H\u00e9rault - Foyer rural de Cessenon-sur-Orb","og_description":"La Maison des Adolescents de l&rsquo;H\u00e9rault (MDA34) est un dispositif d\u2019accueil, d&rsquo;\u00e9coute et d\u2019accompagnement pour\u00a0 les adolescents du d\u00e9partement. D&rsquo;un acc\u00e8s libre et gratuit, l&rsquo;accueil [...]","og_url":"https:\/\/foyer-rural-cessenon-sur-orb.com\/index.php\/2022\/01\/19\/pour-info-la-maison-des-adolescents-de-lherault\/","og_site_name":"Foyer rural de Cessenon-sur-Orb","article_publisher":"https:\/\/www.facebook.com\/groups\/1696123983887036","article_published_time":"2022-01-19T09:00:41+00:00","article_modified_time":"2022-01-24T09:55:35+00:00","og_image":[{"width":1920,"height":1357,"url":"https:\/\/foyer-rural-cessenon-sur-orb.com\/wp-content\/uploads\/2022\/01\/help-gc4d8ba1e1_1920.jpg","type":"image\/jpeg"}],"author":"Fanny","twitter_card":"summary_large_image","twitter_misc":{"\u00c9crit par":"Fanny","Dur\u00e9e de lecture estim\u00e9e":"1 minute"},"schema":{"@context":"https:\/\/schema.org","@graph":[{"@type":"Article","@id":"https:\/\/foyer-rural-cessenon-sur-orb.com\/index.php\/2022\/01\/19\/pour-info-la-maison-des-adolescents-de-lherault\/#article","isPartOf":{"@id":"https:\/\/foyer-rural-cessenon-sur-orb.com\/index.php\/2022\/01\/19\/pour-info-la-maison-des-adolescents-de-lherault\/"},"author":{"name":"Fanny","@id":"https:\/\/foyer-rural-cessenon-sur-orb.com\/#\/schema\/person\/ae45c47b6ad339bab7ba9bd75da5ed61"},"headline":"Pour info : La Maison des Adolescents de l&rsquo;H\u00e9rault","datePublished":"2022-01-19T09:00:41+00:00","dateModified":"2022-01-24T09:55:35+00:00","mainEntityOfPage":{"@id":"https:\/\/foyer-rural-cessenon-sur-orb.com\/index.php\/2022\/01\/19\/pour-info-la-maison-des-adolescents-de-lherault\/"},"wordCount":131,"commentCount":0,"publisher":{"@id":"https:\/\/foyer-rural-cessenon-sur-orb.com\/#organization"},"inLanguage":"fr-FR","potentialAction":[{"@type":"CommentAction","name":"Comment","target":["https:\/\/foyer-rural-cessenon-sur-orb.com\/index.php\/2022\/01\/19\/pour-info-la-maison-des-adolescents-de-lherault\/#respond"]}]},{"@type":"WebPage","@id":"https:\/\/foyer-rural-cessenon-sur-orb.com\/index.php\/2022\/01\/19\/pour-info-la-maison-des-adolescents-de-lherault\/","url":"https:\/\/foyer-rural-cessenon-sur-orb.com\/index.php\/2022\/01\/19\/pour-info-la-maison-des-adolescents-de-lherault\/","name":"Pour info : La Maison des Adolescents de l'H\u00e9rault - Foyer rural de Cessenon-sur-Orb","isPartOf":{"@id":"https:\/\/foyer-rural-cessenon-sur-orb.com\/#website"},"datePublished":"2022-01-19T09:00:41+00:00","dateModified":"2022-01-24T09:55:35+00:00","breadcrumb":{"@id":"https:\/\/foyer-rural-cessenon-sur-orb.com\/index.php\/2022\/01\/19\/pour-info-la-maison-des-adolescents-de-lherault\/#breadcrumb"},"inLanguage":"fr-FR","potentialAction":[{"@type":"ReadAction","target":["https:\/\/foyer-rural-cessenon-sur-orb.com\/index.php\/2022\/01\/19\/pour-info-la-maison-des-adolescents-de-lherault\/"]}]},{"@type":"BreadcrumbList","@id":"https:\/\/foyer-rural-cessenon-sur-orb.com\/index.php\/2022\/01\/19\/pour-info-la-maison-des-adolescents-de-lherault\/#breadcrumb","itemListElement":[{"@type":"ListItem","position":1,"name":"Accueil","item":"https:\/\/foyer-rural-cessenon-sur-orb.com\/"},{"@type":"ListItem","position":2,"name":"Pour info : La Maison des Adolescents de l&#8217;H\u00e9rault"}]},{"@type":"WebSite","@id":"https:\/\/foyer-rural-cessenon-sur-orb.com\/#website","url":"https:\/\/foyer-rural-cessenon-sur-orb.com\/","name":"Foyer rural de Cessenon-sur-Orb","description":"Des activit\u00e9s culturelles et sportives pour enfants et adultes","publisher":{"@id":"https:\/\/foyer-rural-cessenon-sur-orb.com\/#organization"},"potentialAction":[{"@type":"SearchAction","target":{"@type":"EntryPoint","urlTemplate":"https:\/\/foyer-rural-cessenon-sur-orb.com\/?s={search_term_string}"},"query-input":{"@type":"PropertyValueSpecification","valueRequired":true,"valueName":"search_term_string"}}],"inLanguage":"fr-FR"},{"@type":"Organization","@id":"https:\/\/foyer-rural-cessenon-sur-orb.com\/#organization","name":"Foyer Rural de Cessenon sur Orb","url":"https:\/\/foyer-rural-cessenon-sur-orb.com\/","logo":{"@type":"ImageObject","inLanguage":"fr-FR","@id":"https:\/\/foyer-rural-cessenon-sur-orb.com\/#\/schema\/logo\/image\/","url":"http:\/\/foyer-rural-cessenon-sur-orb.com\/wp-content\/uploads\/2021\/11\/234853963_10226775273545354_1373390309901946513_n-e1639922054691.jpg","contentUrl":"http:\/\/foyer-rural-cessenon-sur-orb.com\/wp-content\/uploads\/2021\/11\/234853963_10226775273545354_1373390309901946513_n-e1639922054691.jpg","width":822,"height":675,"caption":"Foyer Rural de Cessenon sur Orb"},"image":{"@id":"https:\/\/foyer-rural-cessenon-sur-orb.com\/#\/schema\/logo\/image\/"},"sameAs":["https:\/\/www.facebook.com\/groups\/1696123983887036"]},{"@type":"Person","@id":"https:\/\/foyer-rural-cessenon-sur-orb.com\/#\/schema\/person\/ae45c47b6ad339bab7ba9bd75da5ed61","name":"Fanny","image":{"@type":"ImageObject","inLanguage":"fr-FR","@id":"https:\/\/secure.gravatar.com\/avatar\/7ea62597e4e4db6c1d502872a69feb4282332e5f3e77cb02b71b6b74ea2ddd22?s=96&d=mm&r=g","url":"https:\/\/secure.gravatar.com\/avatar\/7ea62597e4e4db6c1d502872a69feb4282332e5f3e77cb02b71b6b74ea2ddd22?s=96&d=mm&r=g","contentUrl":"https:\/\/secure.gravatar.com\/avatar\/7ea62597e4e4db6c1d502872a69feb4282332e5f3e77cb02b71b6b74ea2ddd22?s=96&d=mm&r=g","caption":"Fanny"},"url":"https:\/\/foyer-rural-cessenon-sur-orb.com\/index.php\/author\/fanny\/"}]}},"_links":{"self":[{"href":"https:\/\/foyer-rural-cessenon-sur-orb.com\/index.php\/wp-json\/wp\/v2\/posts\/288","targetHints":{"allow":["GET"]}}],"collection":[{"href":"https:\/\/foyer-rural-cessenon-sur-orb.com\/index.php\/wp-json\/wp\/v2\/posts"}],"about":[{"href":"https:\/\/foyer-rural-cessenon-sur-orb.com\/index.php\/wp-json\/wp\/v2\/types\/post"}],"author":[{"embeddable":true,"href":"https:\/\/foyer-rural-cessenon-sur-orb.com\/index.php\/wp-json\/wp\/v2\/users\/2"}],"replies":[{"embeddable":true,"href":"https:\/\/foyer-rural-cessenon-sur-orb.com\/index.php\/wp-json\/wp\/v2\/comments?post=288"}],"version-history":[{"count":7,"href":"https:\/\/foyer-rural-cessenon-sur-orb.com\/index.php\/wp-json\/wp\/v2\/posts\/288\/revisions"}],"predecessor-version":[{"id":300,"href":"https:\/\/foyer-rural-cessenon-sur-orb.com\/index.php\/wp-json\/wp\/v2\/posts\/288\/revisions\/300"}],"wp:attachment":[{"href":"https:\/\/foyer-rural-cessenon-sur-orb.com\/index.php\/wp-json\/wp\/v2\/media?parent=288"}],"wp:term":[{"taxonomy":"category","embeddable":true,"href":"https:\/\/foyer-rural-cessenon-sur-orb.com\/index.php\/wp-json\/wp\/v2\/categories?post=288"},{"taxonomy":"post_tag","embeddable":true,"href":"https:\/\/foyer-rural-cessenon-sur-orb.com\/index.php\/wp-json\/wp\/v2\/tags?post=288"}],"curies":[{"name":"wp","href":"https:\/\/api.w.org\/{rel}","templated":true}]}}