{"id":1882,"date":"2025-08-13T06:28:13","date_gmt":"2025-08-13T04:28:13","guid":{"rendered":"https:\/\/foyer-rural-cessenon-sur-orb.com\/?p=1882"},"modified":"2026-03-23T15:02:14","modified_gmt":"2026-03-23T14:02:14","slug":"loisirs-artistiques-et-creatifs-saison-2025-2026","status":"publish","type":"post","link":"https:\/\/foyer-rural-cessenon-sur-orb.com\/index.php\/2025\/08\/13\/loisirs-artistiques-et-creatifs-saison-2025-2026\/","title":{"rendered":"loisirs artistiques et cr\u00e9atifs saison 2025-2026"},"content":{"rendered":"<h4 class=\"html-h4 xdj266r x14z9mp x1lziwak xexx8yu xyri2b x18d9i69 x1c1uobl x1vvkbs x1heor9g x1qlqyl8 x1pd3egz x1a2a7pz xod5an3\"><span class=\"x193iq5w xeuugli x13faqbe x1vvkbs x1xmvt09 x1603h9y x1u7k74 xo1l8bm xzsf02u\"><span class=\"html-span xdj266r x14z9mp xat24cr x1lziwak xexx8yu xyri2b x18d9i69 x1c1uobl x1hl2dhg x16tdsg8 x1vvkbs\"><strong class=\"html-strong xdj266r x14z9mp xat24cr x1lziwak xexx8yu xyri2b x18d9i69 x1c1uobl x1hl2dhg x16tdsg8 x1vvkbs x1s688f\">D\u00e9s septembre d\u00e9couvrez les loisirs artistiques et cr\u00e9atifs propos\u00e9s par le Foyer Rural de Cessenon: peinture; mosa\u00efque ; confection et chorale !<img loading=\"lazy\" decoding=\"async\" class=\"alignnone size-large wp-image-1880\" src=\"https:\/\/foyer-rural-cessenon-sur-orb.com\/wp-content\/uploads\/2021\/11\/chorale-2025-2026-882x1024.jpg\" alt=\"\" width=\"882\" height=\"1024\" srcset=\"https:\/\/foyer-rural-cessenon-sur-orb.com\/wp-content\/uploads\/2021\/11\/chorale-2025-2026-882x1024.jpg 882w, https:\/\/foyer-rural-cessenon-sur-orb.com\/wp-content\/uploads\/2021\/11\/chorale-2025-2026-259x300.jpg 259w, https:\/\/foyer-rural-cessenon-sur-orb.com\/wp-content\/uploads\/2021\/11\/chorale-2025-2026-768x891.jpg 768w, https:\/\/foyer-rural-cessenon-sur-orb.com\/wp-content\/uploads\/2021\/11\/chorale-2025-2026.bmp 972w\" sizes=\"auto, (max-width: 882px) 100vw, 882px\" \/> <img loading=\"lazy\" decoding=\"async\" class=\"alignnone size-full wp-image-1844\" src=\"https:\/\/foyer-rural-cessenon-sur-orb.com\/wp-content\/uploads\/2021\/11\/mosaique-2025-2026.bmp\" alt=\"\" width=\"981\" height=\"538\" srcset=\"https:\/\/foyer-rural-cessenon-sur-orb.com\/wp-content\/uploads\/2021\/11\/mosaique-2025-2026.bmp 981w, https:\/\/foyer-rural-cessenon-sur-orb.com\/wp-content\/uploads\/2021\/11\/mosaique-2025-2026-300x165.jpg 300w, https:\/\/foyer-rural-cessenon-sur-orb.com\/wp-content\/uploads\/2021\/11\/mosaique-2025-2026-768x421.jpg 768w\" sizes=\"auto, (max-width: 981px) 100vw, 981px\" \/> <img loading=\"lazy\" decoding=\"async\" class=\"alignnone size-full wp-image-1831\" src=\"https:\/\/foyer-rural-cessenon-sur-orb.com\/wp-content\/uploads\/2021\/11\/confection-2025-2026.bmp\" alt=\"\" width=\"990\" height=\"605\" srcset=\"https:\/\/foyer-rural-cessenon-sur-orb.com\/wp-content\/uploads\/2021\/11\/confection-2025-2026.bmp 990w, https:\/\/foyer-rural-cessenon-sur-orb.com\/wp-content\/uploads\/2021\/11\/confection-2025-2026-300x183.jpg 300w, https:\/\/foyer-rural-cessenon-sur-orb.com\/wp-content\/uploads\/2021\/11\/confection-2025-2026-768x469.jpg 768w\" sizes=\"auto, (max-width: 990px) 100vw, 990px\" \/><img loading=\"lazy\" decoding=\"async\" class=\"alignnone size-large wp-image-1842\" src=\"https:\/\/foyer-rural-cessenon-sur-orb.com\/wp-content\/uploads\/2021\/11\/peinture-2025-2026-861x1024.jpg\" alt=\"\" width=\"861\" height=\"1024\" srcset=\"https:\/\/foyer-rural-cessenon-sur-orb.com\/wp-content\/uploads\/2021\/11\/peinture-2025-2026-861x1024.jpg 861w, https:\/\/foyer-rural-cessenon-sur-orb.com\/wp-content\/uploads\/2021\/11\/peinture-2025-2026-252x300.jpg 252w, https:\/\/foyer-rural-cessenon-sur-orb.com\/wp-content\/uploads\/2021\/11\/peinture-2025-2026-768x914.jpg 768w, https:\/\/foyer-rural-cessenon-sur-orb.com\/wp-content\/uploads\/2021\/11\/peinture-2025-2026.bmp 928w\" sizes=\"auto, (max-width: 861px) 100vw, 861px\" \/><\/strong><\/span><\/span><\/h4>\n","protected":false},"excerpt":{"rendered":"<div class=\"mh-excerpt\"><p>D\u00e9s septembre d\u00e9couvrez les loisirs artistiques et cr\u00e9atifs propos\u00e9s par le Foyer Rural de Cessenon: peinture; mosa\u00efque ; confection et chorale !<\/p>\n<\/div>","protected":false},"author":3,"featured_media":1880,"comment_status":"closed","ping_status":"closed","sticky":false,"template":"","format":"standard","meta":{"footnotes":""},"categories":[1],"tags":[],"class_list":["post-1882","post","type-post","status-publish","format-standard","has-post-thumbnail","hentry","category-non-classe"],"yoast_head":"<!-- This site is optimized with the Yoast SEO plugin v27.5 - https:\/\/yoast.com\/product\/yoast-seo-wordpress\/ -->\n<title>loisirs artistiques et cr\u00e9atifs saison 2025-2026 - Foyer rural de Cessenon-sur-Orb<\/title>\n<meta name=\"robots\" content=\"index, follow, max-snippet:-1, max-image-preview:large, max-video-preview:-1\" \/>\n<link rel=\"canonical\" href=\"https:\/\/foyer-rural-cessenon-sur-orb.com\/index.php\/2025\/08\/13\/loisirs-artistiques-et-creatifs-saison-2025-2026\/\" \/>\n<meta property=\"og:locale\" content=\"fr_FR\" \/>\n<meta property=\"og:type\" content=\"article\" \/>\n<meta property=\"og:title\" content=\"loisirs artistiques et cr\u00e9atifs saison 2025-2026 - Foyer rural de Cessenon-sur-Orb\" \/>\n<meta property=\"og:description\" content=\"D\u00e9s septembre d\u00e9couvrez les loisirs artistiques et cr\u00e9atifs propos\u00e9s par le Foyer Rural de Cessenon: peinture; mosa\u00efque ; confection et chorale !\" \/>\n<meta property=\"og:url\" content=\"https:\/\/foyer-rural-cessenon-sur-orb.com\/index.php\/2025\/08\/13\/loisirs-artistiques-et-creatifs-saison-2025-2026\/\" \/>\n<meta property=\"og:site_name\" content=\"Foyer rural de Cessenon-sur-Orb\" \/>\n<meta property=\"article:publisher\" content=\"https:\/\/www.facebook.com\/groups\/1696123983887036\" \/>\n<meta property=\"article:published_time\" content=\"2025-08-13T04:28:13+00:00\" \/>\n<meta property=\"article:modified_time\" content=\"2026-03-23T14:02:14+00:00\" \/>\n<meta name=\"author\" content=\"Brigitte Lejeune\" \/>\n<meta name=\"twitter:card\" content=\"summary_large_image\" \/>\n<meta name=\"twitter:label1\" content=\"\u00c9crit par\" \/>\n\t<meta name=\"twitter:data1\" content=\"Brigitte Lejeune\" \/>\n\t<meta name=\"twitter:label2\" content=\"Dur\u00e9e de lecture estim\u00e9e\" \/>\n\t<meta name=\"twitter:data2\" content=\"2 minutes\" \/>\n<script type=\"application\/ld+json\" class=\"yoast-schema-graph\">{\"@context\":\"https:\\\/\\\/schema.org\",\"@graph\":[{\"@type\":\"Article\",\"@id\":\"https:\\\/\\\/foyer-rural-cessenon-sur-orb.com\\\/index.php\\\/2025\\\/08\\\/13\\\/loisirs-artistiques-et-creatifs-saison-2025-2026\\\/#article\",\"isPartOf\":{\"@id\":\"https:\\\/\\\/foyer-rural-cessenon-sur-orb.com\\\/index.php\\\/2025\\\/08\\\/13\\\/loisirs-artistiques-et-creatifs-saison-2025-2026\\\/\"},\"author\":{\"name\":\"Brigitte Lejeune\",\"@id\":\"https:\\\/\\\/foyer-rural-cessenon-sur-orb.com\\\/#\\\/schema\\\/person\\\/ea69c6a0c88181501ba553c91480cf3b\"},\"headline\":\"loisirs artistiques et cr\u00e9atifs saison 2025-2026\",\"datePublished\":\"2025-08-13T04:28:13+00:00\",\"dateModified\":\"2026-03-23T14:02:14+00:00\",\"mainEntityOfPage\":{\"@id\":\"https:\\\/\\\/foyer-rural-cessenon-sur-orb.com\\\/index.php\\\/2025\\\/08\\\/13\\\/loisirs-artistiques-et-creatifs-saison-2025-2026\\\/\"},\"wordCount\":32,\"publisher\":{\"@id\":\"https:\\\/\\\/foyer-rural-cessenon-sur-orb.com\\\/#organization\"},\"image\":{\"@id\":\"https:\\\/\\\/foyer-rural-cessenon-sur-orb.com\\\/index.php\\\/2025\\\/08\\\/13\\\/loisirs-artistiques-et-creatifs-saison-2025-2026\\\/#primaryimage\"},\"thumbnailUrl\":\"https:\\\/\\\/foyer-rural-cessenon-sur-orb.com\\\/wp-content\\\/uploads\\\/2021\\\/11\\\/chorale-2025-2026.bmp\",\"inLanguage\":\"fr-FR\"},{\"@type\":\"WebPage\",\"@id\":\"https:\\\/\\\/foyer-rural-cessenon-sur-orb.com\\\/index.php\\\/2025\\\/08\\\/13\\\/loisirs-artistiques-et-creatifs-saison-2025-2026\\\/\",\"url\":\"https:\\\/\\\/foyer-rural-cessenon-sur-orb.com\\\/index.php\\\/2025\\\/08\\\/13\\\/loisirs-artistiques-et-creatifs-saison-2025-2026\\\/\",\"name\":\"loisirs artistiques et cr\u00e9atifs saison 2025-2026 - Foyer rural de Cessenon-sur-Orb\",\"isPartOf\":{\"@id\":\"https:\\\/\\\/foyer-rural-cessenon-sur-orb.com\\\/#website\"},\"primaryImageOfPage\":{\"@id\":\"https:\\\/\\\/foyer-rural-cessenon-sur-orb.com\\\/index.php\\\/2025\\\/08\\\/13\\\/loisirs-artistiques-et-creatifs-saison-2025-2026\\\/#primaryimage\"},\"image\":{\"@id\":\"https:\\\/\\\/foyer-rural-cessenon-sur-orb.com\\\/index.php\\\/2025\\\/08\\\/13\\\/loisirs-artistiques-et-creatifs-saison-2025-2026\\\/#primaryimage\"},\"thumbnailUrl\":\"https:\\\/\\\/foyer-rural-cessenon-sur-orb.com\\\/wp-content\\\/uploads\\\/2021\\\/11\\\/chorale-2025-2026.bmp\",\"datePublished\":\"2025-08-13T04:28:13+00:00\",\"dateModified\":\"2026-03-23T14:02:14+00:00\",\"breadcrumb\":{\"@id\":\"https:\\\/\\\/foyer-rural-cessenon-sur-orb.com\\\/index.php\\\/2025\\\/08\\\/13\\\/loisirs-artistiques-et-creatifs-saison-2025-2026\\\/#breadcrumb\"},\"inLanguage\":\"fr-FR\",\"potentialAction\":[{\"@type\":\"ReadAction\",\"target\":[\"https:\\\/\\\/foyer-rural-cessenon-sur-orb.com\\\/index.php\\\/2025\\\/08\\\/13\\\/loisirs-artistiques-et-creatifs-saison-2025-2026\\\/\"]}]},{\"@type\":\"ImageObject\",\"inLanguage\":\"fr-FR\",\"@id\":\"https:\\\/\\\/foyer-rural-cessenon-sur-orb.com\\\/index.php\\\/2025\\\/08\\\/13\\\/loisirs-artistiques-et-creatifs-saison-2025-2026\\\/#primaryimage\",\"url\":\"https:\\\/\\\/foyer-rural-cessenon-sur-orb.com\\\/wp-content\\\/uploads\\\/2021\\\/11\\\/chorale-2025-2026.bmp\",\"contentUrl\":\"https:\\\/\\\/foyer-rural-cessenon-sur-orb.com\\\/wp-content\\\/uploads\\\/2021\\\/11\\\/chorale-2025-2026.bmp\",\"width\":972,\"height\":1128},{\"@type\":\"BreadcrumbList\",\"@id\":\"https:\\\/\\\/foyer-rural-cessenon-sur-orb.com\\\/index.php\\\/2025\\\/08\\\/13\\\/loisirs-artistiques-et-creatifs-saison-2025-2026\\\/#breadcrumb\",\"itemListElement\":[{\"@type\":\"ListItem\",\"position\":1,\"name\":\"Accueil\",\"item\":\"https:\\\/\\\/foyer-rural-cessenon-sur-orb.com\\\/\"},{\"@type\":\"ListItem\",\"position\":2,\"name\":\"loisirs artistiques et cr\u00e9atifs saison 2025-2026\"}]},{\"@type\":\"WebSite\",\"@id\":\"https:\\\/\\\/foyer-rural-cessenon-sur-orb.com\\\/#website\",\"url\":\"https:\\\/\\\/foyer-rural-cessenon-sur-orb.com\\\/\",\"name\":\"Foyer rural de Cessenon-sur-Orb\",\"description\":\"Des activit\u00e9s culturelles et sportives pour enfants et adultes\",\"publisher\":{\"@id\":\"https:\\\/\\\/foyer-rural-cessenon-sur-orb.com\\\/#organization\"},\"potentialAction\":[{\"@type\":\"SearchAction\",\"target\":{\"@type\":\"EntryPoint\",\"urlTemplate\":\"https:\\\/\\\/foyer-rural-cessenon-sur-orb.com\\\/?s={search_term_string}\"},\"query-input\":{\"@type\":\"PropertyValueSpecification\",\"valueRequired\":true,\"valueName\":\"search_term_string\"}}],\"inLanguage\":\"fr-FR\"},{\"@type\":\"Organization\",\"@id\":\"https:\\\/\\\/foyer-rural-cessenon-sur-orb.com\\\/#organization\",\"name\":\"Foyer Rural de Cessenon sur Orb\",\"url\":\"https:\\\/\\\/foyer-rural-cessenon-sur-orb.com\\\/\",\"logo\":{\"@type\":\"ImageObject\",\"inLanguage\":\"fr-FR\",\"@id\":\"https:\\\/\\\/foyer-rural-cessenon-sur-orb.com\\\/#\\\/schema\\\/logo\\\/image\\\/\",\"url\":\"http:\\\/\\\/foyer-rural-cessenon-sur-orb.com\\\/wp-content\\\/uploads\\\/2021\\\/11\\\/234853963_10226775273545354_1373390309901946513_n-e1639922054691.jpg\",\"contentUrl\":\"http:\\\/\\\/foyer-rural-cessenon-sur-orb.com\\\/wp-content\\\/uploads\\\/2021\\\/11\\\/234853963_10226775273545354_1373390309901946513_n-e1639922054691.jpg\",\"width\":822,\"height\":675,\"caption\":\"Foyer Rural de Cessenon sur Orb\"},\"image\":{\"@id\":\"https:\\\/\\\/foyer-rural-cessenon-sur-orb.com\\\/#\\\/schema\\\/logo\\\/image\\\/\"},\"sameAs\":[\"https:\\\/\\\/www.facebook.com\\\/groups\\\/1696123983887036\"]},{\"@type\":\"Person\",\"@id\":\"https:\\\/\\\/foyer-rural-cessenon-sur-orb.com\\\/#\\\/schema\\\/person\\\/ea69c6a0c88181501ba553c91480cf3b\",\"name\":\"Brigitte Lejeune\",\"image\":{\"@type\":\"ImageObject\",\"inLanguage\":\"fr-FR\",\"@id\":\"https:\\\/\\\/secure.gravatar.com\\\/avatar\\\/9b37cfb5b9abedda7062922a3dc1a6f6d7cb2a0669b97752480c18af3a669eda?s=96&d=mm&r=g\",\"url\":\"https:\\\/\\\/secure.gravatar.com\\\/avatar\\\/9b37cfb5b9abedda7062922a3dc1a6f6d7cb2a0669b97752480c18af3a669eda?s=96&d=mm&r=g\",\"contentUrl\":\"https:\\\/\\\/secure.gravatar.com\\\/avatar\\\/9b37cfb5b9abedda7062922a3dc1a6f6d7cb2a0669b97752480c18af3a669eda?s=96&d=mm&r=g\",\"caption\":\"Brigitte Lejeune\"},\"url\":\"https:\\\/\\\/foyer-rural-cessenon-sur-orb.com\\\/index.php\\\/author\\\/brigitte\\\/\"}]}<\/script>\n<!-- \/ Yoast SEO plugin. -->","yoast_head_json":{"title":"loisirs artistiques et cr\u00e9atifs saison 2025-2026 - Foyer rural de Cessenon-sur-Orb","robots":{"index":"index","follow":"follow","max-snippet":"max-snippet:-1","max-image-preview":"max-image-preview:large","max-video-preview":"max-video-preview:-1"},"canonical":"https:\/\/foyer-rural-cessenon-sur-orb.com\/index.php\/2025\/08\/13\/loisirs-artistiques-et-creatifs-saison-2025-2026\/","og_locale":"fr_FR","og_type":"article","og_title":"loisirs artistiques et cr\u00e9atifs saison 2025-2026 - Foyer rural de Cessenon-sur-Orb","og_description":"D\u00e9s septembre d\u00e9couvrez les loisirs artistiques et cr\u00e9atifs propos\u00e9s par le Foyer Rural de Cessenon: peinture; mosa\u00efque ; confection et chorale !","og_url":"https:\/\/foyer-rural-cessenon-sur-orb.com\/index.php\/2025\/08\/13\/loisirs-artistiques-et-creatifs-saison-2025-2026\/","og_site_name":"Foyer rural de Cessenon-sur-Orb","article_publisher":"https:\/\/www.facebook.com\/groups\/1696123983887036","article_published_time":"2025-08-13T04:28:13+00:00","article_modified_time":"2026-03-23T14:02:14+00:00","author":"Brigitte Lejeune","twitter_card":"summary_large_image","twitter_misc":{"\u00c9crit par":"Brigitte Lejeune","Dur\u00e9e de lecture estim\u00e9e":"2 minutes"},"schema":{"@context":"https:\/\/schema.org","@graph":[{"@type":"Article","@id":"https:\/\/foyer-rural-cessenon-sur-orb.com\/index.php\/2025\/08\/13\/loisirs-artistiques-et-creatifs-saison-2025-2026\/#article","isPartOf":{"@id":"https:\/\/foyer-rural-cessenon-sur-orb.com\/index.php\/2025\/08\/13\/loisirs-artistiques-et-creatifs-saison-2025-2026\/"},"author":{"name":"Brigitte Lejeune","@id":"https:\/\/foyer-rural-cessenon-sur-orb.com\/#\/schema\/person\/ea69c6a0c88181501ba553c91480cf3b"},"headline":"loisirs artistiques et cr\u00e9atifs saison 2025-2026","datePublished":"2025-08-13T04:28:13+00:00","dateModified":"2026-03-23T14:02:14+00:00","mainEntityOfPage":{"@id":"https:\/\/foyer-rural-cessenon-sur-orb.com\/index.php\/2025\/08\/13\/loisirs-artistiques-et-creatifs-saison-2025-2026\/"},"wordCount":32,"publisher":{"@id":"https:\/\/foyer-rural-cessenon-sur-orb.com\/#organization"},"image":{"@id":"https:\/\/foyer-rural-cessenon-sur-orb.com\/index.php\/2025\/08\/13\/loisirs-artistiques-et-creatifs-saison-2025-2026\/#primaryimage"},"thumbnailUrl":"https:\/\/foyer-rural-cessenon-sur-orb.com\/wp-content\/uploads\/2021\/11\/chorale-2025-2026.bmp","inLanguage":"fr-FR"},{"@type":"WebPage","@id":"https:\/\/foyer-rural-cessenon-sur-orb.com\/index.php\/2025\/08\/13\/loisirs-artistiques-et-creatifs-saison-2025-2026\/","url":"https:\/\/foyer-rural-cessenon-sur-orb.com\/index.php\/2025\/08\/13\/loisirs-artistiques-et-creatifs-saison-2025-2026\/","name":"loisirs artistiques et cr\u00e9atifs saison 2025-2026 - Foyer rural de Cessenon-sur-Orb","isPartOf":{"@id":"https:\/\/foyer-rural-cessenon-sur-orb.com\/#website"},"primaryImageOfPage":{"@id":"https:\/\/foyer-rural-cessenon-sur-orb.com\/index.php\/2025\/08\/13\/loisirs-artistiques-et-creatifs-saison-2025-2026\/#primaryimage"},"image":{"@id":"https:\/\/foyer-rural-cessenon-sur-orb.com\/index.php\/2025\/08\/13\/loisirs-artistiques-et-creatifs-saison-2025-2026\/#primaryimage"},"thumbnailUrl":"https:\/\/foyer-rural-cessenon-sur-orb.com\/wp-content\/uploads\/2021\/11\/chorale-2025-2026.bmp","datePublished":"2025-08-13T04:28:13+00:00","dateModified":"2026-03-23T14:02:14+00:00","breadcrumb":{"@id":"https:\/\/foyer-rural-cessenon-sur-orb.com\/index.php\/2025\/08\/13\/loisirs-artistiques-et-creatifs-saison-2025-2026\/#breadcrumb"},"inLanguage":"fr-FR","potentialAction":[{"@type":"ReadAction","target":["https:\/\/foyer-rural-cessenon-sur-orb.com\/index.php\/2025\/08\/13\/loisirs-artistiques-et-creatifs-saison-2025-2026\/"]}]},{"@type":"ImageObject","inLanguage":"fr-FR","@id":"https:\/\/foyer-rural-cessenon-sur-orb.com\/index.php\/2025\/08\/13\/loisirs-artistiques-et-creatifs-saison-2025-2026\/#primaryimage","url":"https:\/\/foyer-rural-cessenon-sur-orb.com\/wp-content\/uploads\/2021\/11\/chorale-2025-2026.bmp","contentUrl":"https:\/\/foyer-rural-cessenon-sur-orb.com\/wp-content\/uploads\/2021\/11\/chorale-2025-2026.bmp","width":972,"height":1128},{"@type":"BreadcrumbList","@id":"https:\/\/foyer-rural-cessenon-sur-orb.com\/index.php\/2025\/08\/13\/loisirs-artistiques-et-creatifs-saison-2025-2026\/#breadcrumb","itemListElement":[{"@type":"ListItem","position":1,"name":"Accueil","item":"https:\/\/foyer-rural-cessenon-sur-orb.com\/"},{"@type":"ListItem","position":2,"name":"loisirs artistiques et cr\u00e9atifs saison 2025-2026"}]},{"@type":"WebSite","@id":"https:\/\/foyer-rural-cessenon-sur-orb.com\/#website","url":"https:\/\/foyer-rural-cessenon-sur-orb.com\/","name":"Foyer rural de Cessenon-sur-Orb","description":"Des activit\u00e9s culturelles et sportives pour enfants et adultes","publisher":{"@id":"https:\/\/foyer-rural-cessenon-sur-orb.com\/#organization"},"potentialAction":[{"@type":"SearchAction","target":{"@type":"EntryPoint","urlTemplate":"https:\/\/foyer-rural-cessenon-sur-orb.com\/?s={search_term_string}"},"query-input":{"@type":"PropertyValueSpecification","valueRequired":true,"valueName":"search_term_string"}}],"inLanguage":"fr-FR"},{"@type":"Organization","@id":"https:\/\/foyer-rural-cessenon-sur-orb.com\/#organization","name":"Foyer Rural de Cessenon sur Orb","url":"https:\/\/foyer-rural-cessenon-sur-orb.com\/","logo":{"@type":"ImageObject","inLanguage":"fr-FR","@id":"https:\/\/foyer-rural-cessenon-sur-orb.com\/#\/schema\/logo\/image\/","url":"http:\/\/foyer-rural-cessenon-sur-orb.com\/wp-content\/uploads\/2021\/11\/234853963_10226775273545354_1373390309901946513_n-e1639922054691.jpg","contentUrl":"http:\/\/foyer-rural-cessenon-sur-orb.com\/wp-content\/uploads\/2021\/11\/234853963_10226775273545354_1373390309901946513_n-e1639922054691.jpg","width":822,"height":675,"caption":"Foyer Rural de Cessenon sur Orb"},"image":{"@id":"https:\/\/foyer-rural-cessenon-sur-orb.com\/#\/schema\/logo\/image\/"},"sameAs":["https:\/\/www.facebook.com\/groups\/1696123983887036"]},{"@type":"Person","@id":"https:\/\/foyer-rural-cessenon-sur-orb.com\/#\/schema\/person\/ea69c6a0c88181501ba553c91480cf3b","name":"Brigitte Lejeune","image":{"@type":"ImageObject","inLanguage":"fr-FR","@id":"https:\/\/secure.gravatar.com\/avatar\/9b37cfb5b9abedda7062922a3dc1a6f6d7cb2a0669b97752480c18af3a669eda?s=96&d=mm&r=g","url":"https:\/\/secure.gravatar.com\/avatar\/9b37cfb5b9abedda7062922a3dc1a6f6d7cb2a0669b97752480c18af3a669eda?s=96&d=mm&r=g","contentUrl":"https:\/\/secure.gravatar.com\/avatar\/9b37cfb5b9abedda7062922a3dc1a6f6d7cb2a0669b97752480c18af3a669eda?s=96&d=mm&r=g","caption":"Brigitte Lejeune"},"url":"https:\/\/foyer-rural-cessenon-sur-orb.com\/index.php\/author\/brigitte\/"}]}},"_links":{"self":[{"href":"https:\/\/foyer-rural-cessenon-sur-orb.com\/index.php\/wp-json\/wp\/v2\/posts\/1882","targetHints":{"allow":["GET"]}}],"collection":[{"href":"https:\/\/foyer-rural-cessenon-sur-orb.com\/index.php\/wp-json\/wp\/v2\/posts"}],"about":[{"href":"https:\/\/foyer-rural-cessenon-sur-orb.com\/index.php\/wp-json\/wp\/v2\/types\/post"}],"author":[{"embeddable":true,"href":"https:\/\/foyer-rural-cessenon-sur-orb.com\/index.php\/wp-json\/wp\/v2\/users\/3"}],"replies":[{"embeddable":true,"href":"https:\/\/foyer-rural-cessenon-sur-orb.com\/index.php\/wp-json\/wp\/v2\/comments?post=1882"}],"version-history":[{"count":2,"href":"https:\/\/foyer-rural-cessenon-sur-orb.com\/index.php\/wp-json\/wp\/v2\/posts\/1882\/revisions"}],"predecessor-version":[{"id":1884,"href":"https:\/\/foyer-rural-cessenon-sur-orb.com\/index.php\/wp-json\/wp\/v2\/posts\/1882\/revisions\/1884"}],"wp:featuredmedia":[{"embeddable":true,"href":"https:\/\/foyer-rural-cessenon-sur-orb.com\/index.php\/wp-json\/wp\/v2\/media\/1880"}],"wp:attachment":[{"href":"https:\/\/foyer-rural-cessenon-sur-orb.com\/index.php\/wp-json\/wp\/v2\/media?parent=1882"}],"wp:term":[{"taxonomy":"category","embeddable":true,"href":"https:\/\/foyer-rural-cessenon-sur-orb.com\/index.php\/wp-json\/wp\/v2\/categories?post=1882"},{"taxonomy":"post_tag","embeddable":true,"href":"https:\/\/foyer-rural-cessenon-sur-orb.com\/index.php\/wp-json\/wp\/v2\/tags?post=1882"}],"curies":[{"name":"wp","href":"https:\/\/api.w.org\/{rel}","templated":true}]}}