{"id":1264,"date":"2023-12-02T19:40:56","date_gmt":"2023-12-02T18:40:56","guid":{"rendered":"https:\/\/foyer-rural-cessenon-sur-orb.com\/?p=1264"},"modified":"2023-12-02T19:40:56","modified_gmt":"2023-12-02T18:40:56","slug":"la-chorale-sarabande-en-concert-a-st-nazaire-de-ladarez","status":"publish","type":"post","link":"https:\/\/foyer-rural-cessenon-sur-orb.com\/index.php\/2023\/12\/02\/la-chorale-sarabande-en-concert-a-st-nazaire-de-ladarez\/","title":{"rendered":"La chorale Sarabande en concert \u00e0 St Nazaire de Ladarez"},"content":{"rendered":"<p>Chers m\u00e9lomanes et amoureux de la musique de No\u00ebl,<\/p>\n<p>La magie des f\u00eates arrive \u00e0 grands pas, et cette ann\u00e9e, la chorale Sarabande va enchanter l&rsquo;\u00e9glise de Saint Nazaire de Ladarez lors d&rsquo;un concert de No\u00ebl exceptionnel.<\/p>\n<p>Vous \u00eates tous invit\u00e9s \u00e0 vous joindre \u00e0 cet \u00e9v\u00e9nement musical m\u00e9morable le dimanche 10 d\u00e9cembre \u00e0 15h00.<\/p>\n<p>Marquez cette date sur votre calendrier et venez nombreux pour partager ce moment de convivialit\u00e9 et de magie musicale !<\/p>\n<p>Entr\u00e9e gratuite.<\/p>\n<p>&nbsp;<\/p>\n","protected":false},"excerpt":{"rendered":"<div class=\"mh-excerpt\"><p>Chers m\u00e9lomanes et amoureux de la musique de No\u00ebl, La magie des f\u00eates arrive \u00e0 grands pas, et cette ann\u00e9e, la chorale Sarabande va enchanter <a class=\"mh-excerpt-more\" href=\"https:\/\/foyer-rural-cessenon-sur-orb.com\/index.php\/2023\/12\/02\/la-chorale-sarabande-en-concert-a-st-nazaire-de-ladarez\/\" title=\"La chorale Sarabande en concert \u00e0 St Nazaire de Ladarez\">[&#8230;]<\/a><\/p>\n<\/div>","protected":false},"author":2,"featured_media":1249,"comment_status":"open","ping_status":"open","sticky":false,"template":"","format":"standard","meta":{"footnotes":""},"categories":[1],"tags":[],"class_list":["post-1264","post","type-post","status-publish","format-standard","has-post-thumbnail","hentry","category-non-classe"],"yoast_head":"<!-- This site is optimized with the Yoast SEO plugin v27.5 - https:\/\/yoast.com\/product\/yoast-seo-wordpress\/ -->\n<title>La chorale Sarabande en concert \u00e0 St Nazaire de Ladarez - Foyer rural de Cessenon-sur-Orb<\/title>\n<meta name=\"robots\" content=\"index, follow, max-snippet:-1, max-image-preview:large, max-video-preview:-1\" \/>\n<link rel=\"canonical\" href=\"https:\/\/foyer-rural-cessenon-sur-orb.com\/index.php\/2023\/12\/02\/la-chorale-sarabande-en-concert-a-st-nazaire-de-ladarez\/\" \/>\n<meta property=\"og:locale\" content=\"fr_FR\" \/>\n<meta property=\"og:type\" content=\"article\" \/>\n<meta property=\"og:title\" content=\"La chorale Sarabande en concert \u00e0 St Nazaire de Ladarez - Foyer rural de Cessenon-sur-Orb\" \/>\n<meta property=\"og:description\" content=\"Chers m\u00e9lomanes et amoureux de la musique de No\u00ebl, La magie des f\u00eates arrive \u00e0 grands pas, et cette ann\u00e9e, la chorale Sarabande va enchanter [...]\" \/>\n<meta property=\"og:url\" content=\"https:\/\/foyer-rural-cessenon-sur-orb.com\/index.php\/2023\/12\/02\/la-chorale-sarabande-en-concert-a-st-nazaire-de-ladarez\/\" \/>\n<meta property=\"og:site_name\" content=\"Foyer rural de Cessenon-sur-Orb\" \/>\n<meta property=\"article:publisher\" content=\"https:\/\/www.facebook.com\/groups\/1696123983887036\" \/>\n<meta property=\"article:published_time\" content=\"2023-12-02T18:40:56+00:00\" \/>\n<meta property=\"og:image\" content=\"https:\/\/foyer-rural-cessenon-sur-orb.com\/wp-content\/uploads\/2021\/11\/Affiche-Concert-de-Noel-10.12.2023_page-0001-scaled.jpg\" \/>\n\t<meta property=\"og:image:width\" content=\"1810\" \/>\n\t<meta property=\"og:image:height\" content=\"2560\" \/>\n\t<meta property=\"og:image:type\" content=\"image\/jpeg\" \/>\n<meta name=\"author\" content=\"Fanny\" \/>\n<meta name=\"twitter:card\" content=\"summary_large_image\" \/>\n<meta name=\"twitter:label1\" content=\"\u00c9crit par\" \/>\n\t<meta name=\"twitter:data1\" content=\"Fanny\" \/>\n\t<meta name=\"twitter:label2\" content=\"Dur\u00e9e de lecture estim\u00e9e\" \/>\n\t<meta name=\"twitter:data2\" content=\"1 minute\" \/>\n<script type=\"application\/ld+json\" class=\"yoast-schema-graph\">{\"@context\":\"https:\\\/\\\/schema.org\",\"@graph\":[{\"@type\":\"Article\",\"@id\":\"https:\\\/\\\/foyer-rural-cessenon-sur-orb.com\\\/index.php\\\/2023\\\/12\\\/02\\\/la-chorale-sarabande-en-concert-a-st-nazaire-de-ladarez\\\/#article\",\"isPartOf\":{\"@id\":\"https:\\\/\\\/foyer-rural-cessenon-sur-orb.com\\\/index.php\\\/2023\\\/12\\\/02\\\/la-chorale-sarabande-en-concert-a-st-nazaire-de-ladarez\\\/\"},\"author\":{\"name\":\"Fanny\",\"@id\":\"https:\\\/\\\/foyer-rural-cessenon-sur-orb.com\\\/#\\\/schema\\\/person\\\/ae45c47b6ad339bab7ba9bd75da5ed61\"},\"headline\":\"La chorale Sarabande en concert \u00e0 St Nazaire de Ladarez\",\"datePublished\":\"2023-12-02T18:40:56+00:00\",\"mainEntityOfPage\":{\"@id\":\"https:\\\/\\\/foyer-rural-cessenon-sur-orb.com\\\/index.php\\\/2023\\\/12\\\/02\\\/la-chorale-sarabande-en-concert-a-st-nazaire-de-ladarez\\\/\"},\"wordCount\":93,\"commentCount\":0,\"publisher\":{\"@id\":\"https:\\\/\\\/foyer-rural-cessenon-sur-orb.com\\\/#organization\"},\"image\":{\"@id\":\"https:\\\/\\\/foyer-rural-cessenon-sur-orb.com\\\/index.php\\\/2023\\\/12\\\/02\\\/la-chorale-sarabande-en-concert-a-st-nazaire-de-ladarez\\\/#primaryimage\"},\"thumbnailUrl\":\"https:\\\/\\\/foyer-rural-cessenon-sur-orb.com\\\/wp-content\\\/uploads\\\/2021\\\/11\\\/Affiche-Concert-de-Noel-10.12.2023_page-0001-scaled.jpg\",\"inLanguage\":\"fr-FR\",\"potentialAction\":[{\"@type\":\"CommentAction\",\"name\":\"Comment\",\"target\":[\"https:\\\/\\\/foyer-rural-cessenon-sur-orb.com\\\/index.php\\\/2023\\\/12\\\/02\\\/la-chorale-sarabande-en-concert-a-st-nazaire-de-ladarez\\\/#respond\"]}]},{\"@type\":\"WebPage\",\"@id\":\"https:\\\/\\\/foyer-rural-cessenon-sur-orb.com\\\/index.php\\\/2023\\\/12\\\/02\\\/la-chorale-sarabande-en-concert-a-st-nazaire-de-ladarez\\\/\",\"url\":\"https:\\\/\\\/foyer-rural-cessenon-sur-orb.com\\\/index.php\\\/2023\\\/12\\\/02\\\/la-chorale-sarabande-en-concert-a-st-nazaire-de-ladarez\\\/\",\"name\":\"La chorale Sarabande en concert \u00e0 St Nazaire de Ladarez - Foyer rural de Cessenon-sur-Orb\",\"isPartOf\":{\"@id\":\"https:\\\/\\\/foyer-rural-cessenon-sur-orb.com\\\/#website\"},\"primaryImageOfPage\":{\"@id\":\"https:\\\/\\\/foyer-rural-cessenon-sur-orb.com\\\/index.php\\\/2023\\\/12\\\/02\\\/la-chorale-sarabande-en-concert-a-st-nazaire-de-ladarez\\\/#primaryimage\"},\"image\":{\"@id\":\"https:\\\/\\\/foyer-rural-cessenon-sur-orb.com\\\/index.php\\\/2023\\\/12\\\/02\\\/la-chorale-sarabande-en-concert-a-st-nazaire-de-ladarez\\\/#primaryimage\"},\"thumbnailUrl\":\"https:\\\/\\\/foyer-rural-cessenon-sur-orb.com\\\/wp-content\\\/uploads\\\/2021\\\/11\\\/Affiche-Concert-de-Noel-10.12.2023_page-0001-scaled.jpg\",\"datePublished\":\"2023-12-02T18:40:56+00:00\",\"breadcrumb\":{\"@id\":\"https:\\\/\\\/foyer-rural-cessenon-sur-orb.com\\\/index.php\\\/2023\\\/12\\\/02\\\/la-chorale-sarabande-en-concert-a-st-nazaire-de-ladarez\\\/#breadcrumb\"},\"inLanguage\":\"fr-FR\",\"potentialAction\":[{\"@type\":\"ReadAction\",\"target\":[\"https:\\\/\\\/foyer-rural-cessenon-sur-orb.com\\\/index.php\\\/2023\\\/12\\\/02\\\/la-chorale-sarabande-en-concert-a-st-nazaire-de-ladarez\\\/\"]}]},{\"@type\":\"ImageObject\",\"inLanguage\":\"fr-FR\",\"@id\":\"https:\\\/\\\/foyer-rural-cessenon-sur-orb.com\\\/index.php\\\/2023\\\/12\\\/02\\\/la-chorale-sarabande-en-concert-a-st-nazaire-de-ladarez\\\/#primaryimage\",\"url\":\"https:\\\/\\\/foyer-rural-cessenon-sur-orb.com\\\/wp-content\\\/uploads\\\/2021\\\/11\\\/Affiche-Concert-de-Noel-10.12.2023_page-0001-scaled.jpg\",\"contentUrl\":\"https:\\\/\\\/foyer-rural-cessenon-sur-orb.com\\\/wp-content\\\/uploads\\\/2021\\\/11\\\/Affiche-Concert-de-Noel-10.12.2023_page-0001-scaled.jpg\",\"width\":1810,\"height\":2560},{\"@type\":\"BreadcrumbList\",\"@id\":\"https:\\\/\\\/foyer-rural-cessenon-sur-orb.com\\\/index.php\\\/2023\\\/12\\\/02\\\/la-chorale-sarabande-en-concert-a-st-nazaire-de-ladarez\\\/#breadcrumb\",\"itemListElement\":[{\"@type\":\"ListItem\",\"position\":1,\"name\":\"Accueil\",\"item\":\"https:\\\/\\\/foyer-rural-cessenon-sur-orb.com\\\/\"},{\"@type\":\"ListItem\",\"position\":2,\"name\":\"La chorale Sarabande en concert \u00e0 St Nazaire de Ladarez\"}]},{\"@type\":\"WebSite\",\"@id\":\"https:\\\/\\\/foyer-rural-cessenon-sur-orb.com\\\/#website\",\"url\":\"https:\\\/\\\/foyer-rural-cessenon-sur-orb.com\\\/\",\"name\":\"Foyer rural de Cessenon-sur-Orb\",\"description\":\"Des activit\u00e9s culturelles et sportives pour enfants et adultes\",\"publisher\":{\"@id\":\"https:\\\/\\\/foyer-rural-cessenon-sur-orb.com\\\/#organization\"},\"potentialAction\":[{\"@type\":\"SearchAction\",\"target\":{\"@type\":\"EntryPoint\",\"urlTemplate\":\"https:\\\/\\\/foyer-rural-cessenon-sur-orb.com\\\/?s={search_term_string}\"},\"query-input\":{\"@type\":\"PropertyValueSpecification\",\"valueRequired\":true,\"valueName\":\"search_term_string\"}}],\"inLanguage\":\"fr-FR\"},{\"@type\":\"Organization\",\"@id\":\"https:\\\/\\\/foyer-rural-cessenon-sur-orb.com\\\/#organization\",\"name\":\"Foyer Rural de Cessenon sur Orb\",\"url\":\"https:\\\/\\\/foyer-rural-cessenon-sur-orb.com\\\/\",\"logo\":{\"@type\":\"ImageObject\",\"inLanguage\":\"fr-FR\",\"@id\":\"https:\\\/\\\/foyer-rural-cessenon-sur-orb.com\\\/#\\\/schema\\\/logo\\\/image\\\/\",\"url\":\"http:\\\/\\\/foyer-rural-cessenon-sur-orb.com\\\/wp-content\\\/uploads\\\/2021\\\/11\\\/234853963_10226775273545354_1373390309901946513_n-e1639922054691.jpg\",\"contentUrl\":\"http:\\\/\\\/foyer-rural-cessenon-sur-orb.com\\\/wp-content\\\/uploads\\\/2021\\\/11\\\/234853963_10226775273545354_1373390309901946513_n-e1639922054691.jpg\",\"width\":822,\"height\":675,\"caption\":\"Foyer Rural de Cessenon sur Orb\"},\"image\":{\"@id\":\"https:\\\/\\\/foyer-rural-cessenon-sur-orb.com\\\/#\\\/schema\\\/logo\\\/image\\\/\"},\"sameAs\":[\"https:\\\/\\\/www.facebook.com\\\/groups\\\/1696123983887036\"]},{\"@type\":\"Person\",\"@id\":\"https:\\\/\\\/foyer-rural-cessenon-sur-orb.com\\\/#\\\/schema\\\/person\\\/ae45c47b6ad339bab7ba9bd75da5ed61\",\"name\":\"Fanny\",\"image\":{\"@type\":\"ImageObject\",\"inLanguage\":\"fr-FR\",\"@id\":\"https:\\\/\\\/secure.gravatar.com\\\/avatar\\\/7ea62597e4e4db6c1d502872a69feb4282332e5f3e77cb02b71b6b74ea2ddd22?s=96&d=mm&r=g\",\"url\":\"https:\\\/\\\/secure.gravatar.com\\\/avatar\\\/7ea62597e4e4db6c1d502872a69feb4282332e5f3e77cb02b71b6b74ea2ddd22?s=96&d=mm&r=g\",\"contentUrl\":\"https:\\\/\\\/secure.gravatar.com\\\/avatar\\\/7ea62597e4e4db6c1d502872a69feb4282332e5f3e77cb02b71b6b74ea2ddd22?s=96&d=mm&r=g\",\"caption\":\"Fanny\"},\"url\":\"https:\\\/\\\/foyer-rural-cessenon-sur-orb.com\\\/index.php\\\/author\\\/fanny\\\/\"}]}<\/script>\n<!-- \/ Yoast SEO plugin. -->","yoast_head_json":{"title":"La chorale Sarabande en concert \u00e0 St Nazaire de Ladarez - Foyer rural de Cessenon-sur-Orb","robots":{"index":"index","follow":"follow","max-snippet":"max-snippet:-1","max-image-preview":"max-image-preview:large","max-video-preview":"max-video-preview:-1"},"canonical":"https:\/\/foyer-rural-cessenon-sur-orb.com\/index.php\/2023\/12\/02\/la-chorale-sarabande-en-concert-a-st-nazaire-de-ladarez\/","og_locale":"fr_FR","og_type":"article","og_title":"La chorale Sarabande en concert \u00e0 St Nazaire de Ladarez - Foyer rural de Cessenon-sur-Orb","og_description":"Chers m\u00e9lomanes et amoureux de la musique de No\u00ebl, La magie des f\u00eates arrive \u00e0 grands pas, et cette ann\u00e9e, la chorale Sarabande va enchanter [...]","og_url":"https:\/\/foyer-rural-cessenon-sur-orb.com\/index.php\/2023\/12\/02\/la-chorale-sarabande-en-concert-a-st-nazaire-de-ladarez\/","og_site_name":"Foyer rural de Cessenon-sur-Orb","article_publisher":"https:\/\/www.facebook.com\/groups\/1696123983887036","article_published_time":"2023-12-02T18:40:56+00:00","og_image":[{"width":1810,"height":2560,"url":"https:\/\/foyer-rural-cessenon-sur-orb.com\/wp-content\/uploads\/2021\/11\/Affiche-Concert-de-Noel-10.12.2023_page-0001-scaled.jpg","type":"image\/jpeg"}],"author":"Fanny","twitter_card":"summary_large_image","twitter_misc":{"\u00c9crit par":"Fanny","Dur\u00e9e de lecture estim\u00e9e":"1 minute"},"schema":{"@context":"https:\/\/schema.org","@graph":[{"@type":"Article","@id":"https:\/\/foyer-rural-cessenon-sur-orb.com\/index.php\/2023\/12\/02\/la-chorale-sarabande-en-concert-a-st-nazaire-de-ladarez\/#article","isPartOf":{"@id":"https:\/\/foyer-rural-cessenon-sur-orb.com\/index.php\/2023\/12\/02\/la-chorale-sarabande-en-concert-a-st-nazaire-de-ladarez\/"},"author":{"name":"Fanny","@id":"https:\/\/foyer-rural-cessenon-sur-orb.com\/#\/schema\/person\/ae45c47b6ad339bab7ba9bd75da5ed61"},"headline":"La chorale Sarabande en concert \u00e0 St Nazaire de Ladarez","datePublished":"2023-12-02T18:40:56+00:00","mainEntityOfPage":{"@id":"https:\/\/foyer-rural-cessenon-sur-orb.com\/index.php\/2023\/12\/02\/la-chorale-sarabande-en-concert-a-st-nazaire-de-ladarez\/"},"wordCount":93,"commentCount":0,"publisher":{"@id":"https:\/\/foyer-rural-cessenon-sur-orb.com\/#organization"},"image":{"@id":"https:\/\/foyer-rural-cessenon-sur-orb.com\/index.php\/2023\/12\/02\/la-chorale-sarabande-en-concert-a-st-nazaire-de-ladarez\/#primaryimage"},"thumbnailUrl":"https:\/\/foyer-rural-cessenon-sur-orb.com\/wp-content\/uploads\/2021\/11\/Affiche-Concert-de-Noel-10.12.2023_page-0001-scaled.jpg","inLanguage":"fr-FR","potentialAction":[{"@type":"CommentAction","name":"Comment","target":["https:\/\/foyer-rural-cessenon-sur-orb.com\/index.php\/2023\/12\/02\/la-chorale-sarabande-en-concert-a-st-nazaire-de-ladarez\/#respond"]}]},{"@type":"WebPage","@id":"https:\/\/foyer-rural-cessenon-sur-orb.com\/index.php\/2023\/12\/02\/la-chorale-sarabande-en-concert-a-st-nazaire-de-ladarez\/","url":"https:\/\/foyer-rural-cessenon-sur-orb.com\/index.php\/2023\/12\/02\/la-chorale-sarabande-en-concert-a-st-nazaire-de-ladarez\/","name":"La chorale Sarabande en concert \u00e0 St Nazaire de Ladarez - Foyer rural de Cessenon-sur-Orb","isPartOf":{"@id":"https:\/\/foyer-rural-cessenon-sur-orb.com\/#website"},"primaryImageOfPage":{"@id":"https:\/\/foyer-rural-cessenon-sur-orb.com\/index.php\/2023\/12\/02\/la-chorale-sarabande-en-concert-a-st-nazaire-de-ladarez\/#primaryimage"},"image":{"@id":"https:\/\/foyer-rural-cessenon-sur-orb.com\/index.php\/2023\/12\/02\/la-chorale-sarabande-en-concert-a-st-nazaire-de-ladarez\/#primaryimage"},"thumbnailUrl":"https:\/\/foyer-rural-cessenon-sur-orb.com\/wp-content\/uploads\/2021\/11\/Affiche-Concert-de-Noel-10.12.2023_page-0001-scaled.jpg","datePublished":"2023-12-02T18:40:56+00:00","breadcrumb":{"@id":"https:\/\/foyer-rural-cessenon-sur-orb.com\/index.php\/2023\/12\/02\/la-chorale-sarabande-en-concert-a-st-nazaire-de-ladarez\/#breadcrumb"},"inLanguage":"fr-FR","potentialAction":[{"@type":"ReadAction","target":["https:\/\/foyer-rural-cessenon-sur-orb.com\/index.php\/2023\/12\/02\/la-chorale-sarabande-en-concert-a-st-nazaire-de-ladarez\/"]}]},{"@type":"ImageObject","inLanguage":"fr-FR","@id":"https:\/\/foyer-rural-cessenon-sur-orb.com\/index.php\/2023\/12\/02\/la-chorale-sarabande-en-concert-a-st-nazaire-de-ladarez\/#primaryimage","url":"https:\/\/foyer-rural-cessenon-sur-orb.com\/wp-content\/uploads\/2021\/11\/Affiche-Concert-de-Noel-10.12.2023_page-0001-scaled.jpg","contentUrl":"https:\/\/foyer-rural-cessenon-sur-orb.com\/wp-content\/uploads\/2021\/11\/Affiche-Concert-de-Noel-10.12.2023_page-0001-scaled.jpg","width":1810,"height":2560},{"@type":"BreadcrumbList","@id":"https:\/\/foyer-rural-cessenon-sur-orb.com\/index.php\/2023\/12\/02\/la-chorale-sarabande-en-concert-a-st-nazaire-de-ladarez\/#breadcrumb","itemListElement":[{"@type":"ListItem","position":1,"name":"Accueil","item":"https:\/\/foyer-rural-cessenon-sur-orb.com\/"},{"@type":"ListItem","position":2,"name":"La chorale Sarabande en concert \u00e0 St Nazaire de Ladarez"}]},{"@type":"WebSite","@id":"https:\/\/foyer-rural-cessenon-sur-orb.com\/#website","url":"https:\/\/foyer-rural-cessenon-sur-orb.com\/","name":"Foyer rural de Cessenon-sur-Orb","description":"Des activit\u00e9s culturelles et sportives pour enfants et adultes","publisher":{"@id":"https:\/\/foyer-rural-cessenon-sur-orb.com\/#organization"},"potentialAction":[{"@type":"SearchAction","target":{"@type":"EntryPoint","urlTemplate":"https:\/\/foyer-rural-cessenon-sur-orb.com\/?s={search_term_string}"},"query-input":{"@type":"PropertyValueSpecification","valueRequired":true,"valueName":"search_term_string"}}],"inLanguage":"fr-FR"},{"@type":"Organization","@id":"https:\/\/foyer-rural-cessenon-sur-orb.com\/#organization","name":"Foyer Rural de Cessenon sur Orb","url":"https:\/\/foyer-rural-cessenon-sur-orb.com\/","logo":{"@type":"ImageObject","inLanguage":"fr-FR","@id":"https:\/\/foyer-rural-cessenon-sur-orb.com\/#\/schema\/logo\/image\/","url":"http:\/\/foyer-rural-cessenon-sur-orb.com\/wp-content\/uploads\/2021\/11\/234853963_10226775273545354_1373390309901946513_n-e1639922054691.jpg","contentUrl":"http:\/\/foyer-rural-cessenon-sur-orb.com\/wp-content\/uploads\/2021\/11\/234853963_10226775273545354_1373390309901946513_n-e1639922054691.jpg","width":822,"height":675,"caption":"Foyer Rural de Cessenon sur Orb"},"image":{"@id":"https:\/\/foyer-rural-cessenon-sur-orb.com\/#\/schema\/logo\/image\/"},"sameAs":["https:\/\/www.facebook.com\/groups\/1696123983887036"]},{"@type":"Person","@id":"https:\/\/foyer-rural-cessenon-sur-orb.com\/#\/schema\/person\/ae45c47b6ad339bab7ba9bd75da5ed61","name":"Fanny","image":{"@type":"ImageObject","inLanguage":"fr-FR","@id":"https:\/\/secure.gravatar.com\/avatar\/7ea62597e4e4db6c1d502872a69feb4282332e5f3e77cb02b71b6b74ea2ddd22?s=96&d=mm&r=g","url":"https:\/\/secure.gravatar.com\/avatar\/7ea62597e4e4db6c1d502872a69feb4282332e5f3e77cb02b71b6b74ea2ddd22?s=96&d=mm&r=g","contentUrl":"https:\/\/secure.gravatar.com\/avatar\/7ea62597e4e4db6c1d502872a69feb4282332e5f3e77cb02b71b6b74ea2ddd22?s=96&d=mm&r=g","caption":"Fanny"},"url":"https:\/\/foyer-rural-cessenon-sur-orb.com\/index.php\/author\/fanny\/"}]}},"_links":{"self":[{"href":"https:\/\/foyer-rural-cessenon-sur-orb.com\/index.php\/wp-json\/wp\/v2\/posts\/1264","targetHints":{"allow":["GET"]}}],"collection":[{"href":"https:\/\/foyer-rural-cessenon-sur-orb.com\/index.php\/wp-json\/wp\/v2\/posts"}],"about":[{"href":"https:\/\/foyer-rural-cessenon-sur-orb.com\/index.php\/wp-json\/wp\/v2\/types\/post"}],"author":[{"embeddable":true,"href":"https:\/\/foyer-rural-cessenon-sur-orb.com\/index.php\/wp-json\/wp\/v2\/users\/2"}],"replies":[{"embeddable":true,"href":"https:\/\/foyer-rural-cessenon-sur-orb.com\/index.php\/wp-json\/wp\/v2\/comments?post=1264"}],"version-history":[{"count":1,"href":"https:\/\/foyer-rural-cessenon-sur-orb.com\/index.php\/wp-json\/wp\/v2\/posts\/1264\/revisions"}],"predecessor-version":[{"id":1265,"href":"https:\/\/foyer-rural-cessenon-sur-orb.com\/index.php\/wp-json\/wp\/v2\/posts\/1264\/revisions\/1265"}],"wp:featuredmedia":[{"embeddable":true,"href":"https:\/\/foyer-rural-cessenon-sur-orb.com\/index.php\/wp-json\/wp\/v2\/media\/1249"}],"wp:attachment":[{"href":"https:\/\/foyer-rural-cessenon-sur-orb.com\/index.php\/wp-json\/wp\/v2\/media?parent=1264"}],"wp:term":[{"taxonomy":"category","embeddable":true,"href":"https:\/\/foyer-rural-cessenon-sur-orb.com\/index.php\/wp-json\/wp\/v2\/categories?post=1264"},{"taxonomy":"post_tag","embeddable":true,"href":"https:\/\/foyer-rural-cessenon-sur-orb.com\/index.php\/wp-json\/wp\/v2\/tags?post=1264"}],"curies":[{"name":"wp","href":"https:\/\/api.w.org\/{rel}","templated":true}]}}